{"id":1106,"date":"2023-08-17T11:21:48","date_gmt":"2023-08-17T14:21:48","guid":{"rendered":"https:\/\/www.mtexpo.com.br\/en\/?p=1106"},"modified":"2023-08-17T11:22:34","modified_gmt":"2023-08-17T14:22:34","slug":"government-of-sp-signs-concession-contract-for-the-northern-section-of-the-rodoanel-the-greater-sao-paulo-beltway","status":"publish","type":"post","link":"https:\/\/www.mtexpo.com.br\/en\/government-of-sp-signs-concession-contract-for-the-northern-section-of-the-rodoanel-the-greater-sao-paulo-beltway\/","title":{"rendered":"<strong>Government of SP signs concession contract for the Northern Section of the Rodoanel (the Greater S\u00e3o Paulo Beltway)<\/strong>"},"content":{"rendered":"\n<p><em>Works should be resumed in the coming months; Via Appia FIP Infraestrutura will be responsible for completing the project budgeted at BRL 3.4 billion.<\/em><\/p>\n\n\n\n<p>The governor of the State of S\u00e3o Paulo, Tarc\u00edsio de Freitas, authorized the signature of the concession contract for the Rodoanel Norte, in the public-private partnership (PPP) modality, after an auction in March. According to information released by the government of S\u00e3o Paulo, the winner of the tender, Via Appia FIP Infraestrutura, will be responsible for completing the project budgeted at BRL 3.4 billion, in addition to the maintenance and operation of the stretch for a period of 31 years. Delivery will fully conclude the Greater S\u00e3o Paulo ring road and is scheduled for the second half of 2026.<\/p>\n\n\n\n<p>The winning consortium will be responsible for investing BRL 2 billion to complete the works, in addition to another BRL 324 million for the implementation of auxiliary projects. From the signature of the contract, in one month there will be the signature of the Initial Transfer Term and the subsequent start of deadlines for execution of works. The concessionaire will have a pre-construction period of up to one year to complete all the necessary surveys to resume the works.<\/p>\n\n\n\n<p>The verification will cover stretches without completion of services and conditions of segments already executed to detail what will need to be redone or recovered, among other technical data. The information will be used in the executive projects of the interventions until the delivery of the entire Rodoanel Norte, in the second half of 2026.<\/p>\n\n\n\n<p>There will also be an investment of BRL 1.8 billion throughout the concession for operation and maintenance of the road. The supervision will be in charge of Artesp.<\/p>\n\n\n\n<p>100% discount<\/p>\n\n\n\n<p>Also according to the government, the winning proposal presented a discount \u2013 a discount on the amount to be paid by the State Government \u2013 of 100% for the consideration of public services of operation, maintenance and realization of the necessary investments for the operation of the road system for 31 years. The value stipulated in the notice was R$ 51.4 million per year.<\/p>\n\n\n\n<p>The Rodoanel Norte will be 44 km long on the main axis, with three or four lanes in each direction, passing through S\u00e3o Paulo, Aruj\u00e1 and Guarulhos. The improvements foresee the construction of seven double tunnels, 107 special civil engineering works, four stops for special loads, two User Assistance Service bases, two checkpoints and the installation of two weighing scales and monitoring cameras, in addition to services ambulances, tow trucks, water trucks and traffic inspection.<\/p>\n\n\n\n<p>The undertaking should reduce the daily circulation of around 18 thousand trucks in the capital city and make it faster to cross Greater S\u00e3o Paulo in access to Santos. Environmental improvements are also planned, such as a 6% to 8% reduction in vehicular carbon dioxide emissions in the metropolitan region, the planting of trees in a total area of 1,000 hectares and the implementation of fauna crossings.<\/p>\n\n\n\n<p>By: Santelmo Camilo<\/p>\n","protected":false},"excerpt":{"rendered":"<p>The governor of the State of S\u00e3o Paulo, Tarc\u00edsio de Freitas, authorized the signature of the concession contract for the Rodoanel Norte&#8230;<\/p>\n","protected":false},"author":10,"featured_media":1107,"comment_status":"open","ping_status":"open","sticky":false,"template":"","format":"standard","meta":[],"categories":[12],"tags":[],"acf":[],"yoast_head":"<!-- This site is optimized with the Yoast SEO plugin v20.8 - https:\/\/yoast.com\/wordpress\/plugins\/seo\/ -->\n<title>Government of SP signs concession contract for the Northern Section of the Rodoanel (the Greater S\u00e3o Paulo Beltway) | M&amp;T Expo<\/title>\n<meta name=\"description\" content=\"The governor of the State of S\u00e3o Paulo, Tarc\u00edsio de Freitas, authorized the signature of the concession contract for the Rodoanel Norte...\" \/>\n<meta name=\"robots\" content=\"index, follow, max-snippet:-1, max-image-preview:large, max-video-preview:-1\" \/>\n<link rel=\"canonical\" href=\"https:\/\/www.mtexpo.com.br\/en\/government-of-sp-signs-concession-contract-for-the-northern-section-of-the-rodoanel-the-greater-sao-paulo-beltway\/\" \/>\n<meta property=\"og:locale\" content=\"en_US\" \/>\n<meta property=\"og:type\" content=\"article\" \/>\n<meta property=\"og:title\" content=\"Government of SP signs concession contract for the Northern Section of the Rodoanel (the Greater S\u00e3o Paulo Beltway) | M&amp;T Expo\" \/>\n<meta property=\"og:description\" content=\"The governor of the State of S\u00e3o Paulo, Tarc\u00edsio de Freitas, authorized the signature of the concession contract for the Rodoanel Norte...\" \/>\n<meta property=\"og:url\" content=\"https:\/\/www.mtexpo.com.br\/en\/government-of-sp-signs-concession-contract-for-the-northern-section-of-the-rodoanel-the-greater-sao-paulo-beltway\/\" \/>\n<meta property=\"og:site_name\" content=\"M&amp;T Expo - EN\" \/>\n<meta property=\"article:publisher\" content=\"https:\/\/www.facebook.com\/feiramtexpo\/\" \/>\n<meta property=\"article:published_time\" content=\"2023-08-17T14:21:48+00:00\" \/>\n<meta property=\"article:modified_time\" content=\"2023-08-17T14:22:34+00:00\" \/>\n<meta property=\"og:image\" content=\"https:\/\/www.mtexpo.com.br\/en\/wp-content\/uploads\/sites\/2\/2023\/08\/closeup-de-homem-de-negocios-escrevendo-na-folha-de-papel-na-mesa-scaled.jpg\" \/>\n\t<meta property=\"og:image:width\" content=\"2560\" \/>\n\t<meta property=\"og:image:height\" content=\"1139\" \/>\n\t<meta property=\"og:image:type\" content=\"image\/jpeg\" \/>\n<meta name=\"author\" content=\"wallacebruno\" \/>\n<meta name=\"twitter:card\" content=\"summary_large_image\" \/>\n<meta name=\"twitter:label1\" content=\"Written by\" \/>\n\t<meta name=\"twitter:data1\" content=\"wallacebruno\" \/>\n\t<meta name=\"twitter:label2\" content=\"Est. reading time\" \/>\n\t<meta name=\"twitter:data2\" content=\"3 minutes\" \/>\n<script type=\"application\/ld+json\" class=\"yoast-schema-graph\">{\"@context\":\"https:\/\/schema.org\",\"@graph\":[{\"@type\":\"Article\",\"@id\":\"https:\/\/www.mtexpo.com.br\/en\/government-of-sp-signs-concession-contract-for-the-northern-section-of-the-rodoanel-the-greater-sao-paulo-beltway\/#article\",\"isPartOf\":{\"@id\":\"https:\/\/www.mtexpo.com.br\/en\/government-of-sp-signs-concession-contract-for-the-northern-section-of-the-rodoanel-the-greater-sao-paulo-beltway\/\"},\"author\":{\"name\":\"wallacebruno\",\"@id\":\"https:\/\/www.mtexpo.com.br\/en\/#\/schema\/person\/fcebfd57a4ed565185e7a10de9edafda\"},\"headline\":\"Government of SP signs concession contract for the Northern Section of the Rodoanel (the Greater S\u00e3o Paulo Beltway)\",\"datePublished\":\"2023-08-17T14:21:48+00:00\",\"dateModified\":\"2023-08-17T14:22:34+00:00\",\"mainEntityOfPage\":{\"@id\":\"https:\/\/www.mtexpo.com.br\/en\/government-of-sp-signs-concession-contract-for-the-northern-section-of-the-rodoanel-the-greater-sao-paulo-beltway\/\"},\"wordCount\":501,\"commentCount\":0,\"publisher\":{\"@id\":\"https:\/\/www.mtexpo.com.br\/en\/#organization\"},\"articleSection\":[\"Infrastructure\"],\"inLanguage\":\"en-US\",\"potentialAction\":[{\"@type\":\"CommentAction\",\"name\":\"Comment\",\"target\":[\"https:\/\/www.mtexpo.com.br\/en\/government-of-sp-signs-concession-contract-for-the-northern-section-of-the-rodoanel-the-greater-sao-paulo-beltway\/#respond\"]}]},{\"@type\":\"WebPage\",\"@id\":\"https:\/\/www.mtexpo.com.br\/en\/government-of-sp-signs-concession-contract-for-the-northern-section-of-the-rodoanel-the-greater-sao-paulo-beltway\/\",\"url\":\"https:\/\/www.mtexpo.com.br\/en\/government-of-sp-signs-concession-contract-for-the-northern-section-of-the-rodoanel-the-greater-sao-paulo-beltway\/\",\"name\":\"Government of SP signs concession contract for the Northern Section of the Rodoanel (the Greater S\u00e3o Paulo Beltway) | M&T Expo\",\"isPartOf\":{\"@id\":\"https:\/\/www.mtexpo.com.br\/en\/#website\"},\"datePublished\":\"2023-08-17T14:21:48+00:00\",\"dateModified\":\"2023-08-17T14:22:34+00:00\",\"description\":\"The governor of the State of S\u00e3o Paulo, Tarc\u00edsio de Freitas, authorized the signature of the concession contract for the Rodoanel Norte...\",\"breadcrumb\":{\"@id\":\"https:\/\/www.mtexpo.com.br\/en\/government-of-sp-signs-concession-contract-for-the-northern-section-of-the-rodoanel-the-greater-sao-paulo-beltway\/#breadcrumb\"},\"inLanguage\":\"en-US\",\"potentialAction\":[{\"@type\":\"ReadAction\",\"target\":[\"https:\/\/www.mtexpo.com.br\/en\/government-of-sp-signs-concession-contract-for-the-northern-section-of-the-rodoanel-the-greater-sao-paulo-beltway\/\"]}]},{\"@type\":\"BreadcrumbList\",\"@id\":\"https:\/\/www.mtexpo.com.br\/en\/government-of-sp-signs-concession-contract-for-the-northern-section-of-the-rodoanel-the-greater-sao-paulo-beltway\/#breadcrumb\",\"itemListElement\":[{\"@type\":\"ListItem\",\"position\":1,\"name\":\"In\u00edcio\",\"item\":\"https:\/\/www.mtexpo.com.br\/en\/\"},{\"@type\":\"ListItem\",\"position\":2,\"name\":\"Government of SP signs concession contract for the Northern Section of the Rodoanel (the Greater S\u00e3o Paulo Beltway)\"}]},{\"@type\":\"WebSite\",\"@id\":\"https:\/\/www.mtexpo.com.br\/en\/#website\",\"url\":\"https:\/\/www.mtexpo.com.br\/en\/\",\"name\":\"M&T Expo\",\"description\":\"Part of bauma NETWORK\",\"publisher\":{\"@id\":\"https:\/\/www.mtexpo.com.br\/en\/#organization\"},\"alternateName\":\"M&T Expo\",\"potentialAction\":[{\"@type\":\"SearchAction\",\"target\":{\"@type\":\"EntryPoint\",\"urlTemplate\":\"https:\/\/www.mtexpo.com.br\/en\/?s={search_term_string}\"},\"query-input\":\"required name=search_term_string\"}],\"inLanguage\":\"en-US\"},{\"@type\":\"Organization\",\"@id\":\"https:\/\/www.mtexpo.com.br\/en\/#organization\",\"name\":\"M&T Expo\",\"alternateName\":\"M&T Expo\",\"url\":\"https:\/\/www.mtexpo.com.br\/en\/\",\"logo\":{\"@type\":\"ImageObject\",\"inLanguage\":\"en-US\",\"@id\":\"https:\/\/www.mtexpo.com.br\/en\/#\/schema\/logo\/image\/\",\"url\":\"https:\/\/www.mtexpo.com.br\/en\/wp-content\/uploads\/sites\/2\/2022\/12\/logo-MT-expo-1.svg\",\"contentUrl\":\"https:\/\/www.mtexpo.com.br\/en\/wp-content\/uploads\/sites\/2\/2022\/12\/logo-MT-expo-1.svg\",\"width\":350,\"height\":70,\"caption\":\"M&T Expo\"},\"image\":{\"@id\":\"https:\/\/www.mtexpo.com.br\/en\/#\/schema\/logo\/image\/\"},\"sameAs\":[\"https:\/\/www.facebook.com\/feiramtexpo\/\",\"https:\/\/www.youtube.com\/c\/mtexpofeira\",\"https:\/\/www.instagram.com\/feiramtexpo\/\"]},{\"@type\":\"Person\",\"@id\":\"https:\/\/www.mtexpo.com.br\/en\/#\/schema\/person\/fcebfd57a4ed565185e7a10de9edafda\",\"name\":\"wallacebruno\",\"image\":{\"@type\":\"ImageObject\",\"inLanguage\":\"en-US\",\"@id\":\"https:\/\/www.mtexpo.com.br\/en\/#\/schema\/person\/image\/\",\"url\":\"https:\/\/secure.gravatar.com\/avatar\/38ff1c9a1b8b21c97a755a11b05186e8?s=96&d=mm&r=g\",\"contentUrl\":\"https:\/\/secure.gravatar.com\/avatar\/38ff1c9a1b8b21c97a755a11b05186e8?s=96&d=mm&r=g\",\"caption\":\"wallacebruno\"},\"url\":\"https:\/\/www.mtexpo.com.br\/en\/author\/wallacebruno\/\"}]}<\/script>\n<!-- \/ Yoast SEO plugin. -->","yoast_head_json":{"title":"Government of SP signs concession contract for the Northern Section of the Rodoanel (the Greater S\u00e3o Paulo Beltway) | M&T Expo","description":"The governor of the State of S\u00e3o Paulo, Tarc\u00edsio de Freitas, authorized the signature of the concession contract for the Rodoanel Norte...","robots":{"index":"index","follow":"follow","max-snippet":"max-snippet:-1","max-image-preview":"max-image-preview:large","max-video-preview":"max-video-preview:-1"},"canonical":"https:\/\/www.mtexpo.com.br\/en\/government-of-sp-signs-concession-contract-for-the-northern-section-of-the-rodoanel-the-greater-sao-paulo-beltway\/","og_locale":"en_US","og_type":"article","og_title":"Government of SP signs concession contract for the Northern Section of the Rodoanel (the Greater S\u00e3o Paulo Beltway) | M&T Expo","og_description":"The governor of the State of S\u00e3o Paulo, Tarc\u00edsio de Freitas, authorized the signature of the concession contract for the Rodoanel Norte...","og_url":"https:\/\/www.mtexpo.com.br\/en\/government-of-sp-signs-concession-contract-for-the-northern-section-of-the-rodoanel-the-greater-sao-paulo-beltway\/","og_site_name":"M&amp;T Expo - EN","article_publisher":"https:\/\/www.facebook.com\/feiramtexpo\/","article_published_time":"2023-08-17T14:21:48+00:00","article_modified_time":"2023-08-17T14:22:34+00:00","og_image":[{"width":2560,"height":1139,"url":"https:\/\/www.mtexpo.com.br\/en\/wp-content\/uploads\/sites\/2\/2023\/08\/closeup-de-homem-de-negocios-escrevendo-na-folha-de-papel-na-mesa-scaled.jpg","type":"image\/jpeg"}],"author":"wallacebruno","twitter_card":"summary_large_image","twitter_misc":{"Written by":"wallacebruno","Est. reading time":"3 minutes"},"schema":{"@context":"https:\/\/schema.org","@graph":[{"@type":"Article","@id":"https:\/\/www.mtexpo.com.br\/en\/government-of-sp-signs-concession-contract-for-the-northern-section-of-the-rodoanel-the-greater-sao-paulo-beltway\/#article","isPartOf":{"@id":"https:\/\/www.mtexpo.com.br\/en\/government-of-sp-signs-concession-contract-for-the-northern-section-of-the-rodoanel-the-greater-sao-paulo-beltway\/"},"author":{"name":"wallacebruno","@id":"https:\/\/www.mtexpo.com.br\/en\/#\/schema\/person\/fcebfd57a4ed565185e7a10de9edafda"},"headline":"Government of SP signs concession contract for the Northern Section of the Rodoanel (the Greater S\u00e3o Paulo Beltway)","datePublished":"2023-08-17T14:21:48+00:00","dateModified":"2023-08-17T14:22:34+00:00","mainEntityOfPage":{"@id":"https:\/\/www.mtexpo.com.br\/en\/government-of-sp-signs-concession-contract-for-the-northern-section-of-the-rodoanel-the-greater-sao-paulo-beltway\/"},"wordCount":501,"commentCount":0,"publisher":{"@id":"https:\/\/www.mtexpo.com.br\/en\/#organization"},"articleSection":["Infrastructure"],"inLanguage":"en-US","potentialAction":[{"@type":"CommentAction","name":"Comment","target":["https:\/\/www.mtexpo.com.br\/en\/government-of-sp-signs-concession-contract-for-the-northern-section-of-the-rodoanel-the-greater-sao-paulo-beltway\/#respond"]}]},{"@type":"WebPage","@id":"https:\/\/www.mtexpo.com.br\/en\/government-of-sp-signs-concession-contract-for-the-northern-section-of-the-rodoanel-the-greater-sao-paulo-beltway\/","url":"https:\/\/www.mtexpo.com.br\/en\/government-of-sp-signs-concession-contract-for-the-northern-section-of-the-rodoanel-the-greater-sao-paulo-beltway\/","name":"Government of SP signs concession contract for the Northern Section of the Rodoanel (the Greater S\u00e3o Paulo Beltway) | M&T Expo","isPartOf":{"@id":"https:\/\/www.mtexpo.com.br\/en\/#website"},"datePublished":"2023-08-17T14:21:48+00:00","dateModified":"2023-08-17T14:22:34+00:00","description":"The governor of the State of S\u00e3o Paulo, Tarc\u00edsio de Freitas, authorized the signature of the concession contract for the Rodoanel Norte...","breadcrumb":{"@id":"https:\/\/www.mtexpo.com.br\/en\/government-of-sp-signs-concession-contract-for-the-northern-section-of-the-rodoanel-the-greater-sao-paulo-beltway\/#breadcrumb"},"inLanguage":"en-US","potentialAction":[{"@type":"ReadAction","target":["https:\/\/www.mtexpo.com.br\/en\/government-of-sp-signs-concession-contract-for-the-northern-section-of-the-rodoanel-the-greater-sao-paulo-beltway\/"]}]},{"@type":"BreadcrumbList","@id":"https:\/\/www.mtexpo.com.br\/en\/government-of-sp-signs-concession-contract-for-the-northern-section-of-the-rodoanel-the-greater-sao-paulo-beltway\/#breadcrumb","itemListElement":[{"@type":"ListItem","position":1,"name":"In\u00edcio","item":"https:\/\/www.mtexpo.com.br\/en\/"},{"@type":"ListItem","position":2,"name":"Government of SP signs concession contract for the Northern Section of the Rodoanel (the Greater S\u00e3o Paulo Beltway)"}]},{"@type":"WebSite","@id":"https:\/\/www.mtexpo.com.br\/en\/#website","url":"https:\/\/www.mtexpo.com.br\/en\/","name":"M&T Expo","description":"Part of bauma NETWORK","publisher":{"@id":"https:\/\/www.mtexpo.com.br\/en\/#organization"},"alternateName":"M&T Expo","potentialAction":[{"@type":"SearchAction","target":{"@type":"EntryPoint","urlTemplate":"https:\/\/www.mtexpo.com.br\/en\/?s={search_term_string}"},"query-input":"required name=search_term_string"}],"inLanguage":"en-US"},{"@type":"Organization","@id":"https:\/\/www.mtexpo.com.br\/en\/#organization","name":"M&T Expo","alternateName":"M&T Expo","url":"https:\/\/www.mtexpo.com.br\/en\/","logo":{"@type":"ImageObject","inLanguage":"en-US","@id":"https:\/\/www.mtexpo.com.br\/en\/#\/schema\/logo\/image\/","url":"https:\/\/www.mtexpo.com.br\/en\/wp-content\/uploads\/sites\/2\/2022\/12\/logo-MT-expo-1.svg","contentUrl":"https:\/\/www.mtexpo.com.br\/en\/wp-content\/uploads\/sites\/2\/2022\/12\/logo-MT-expo-1.svg","width":350,"height":70,"caption":"M&T Expo"},"image":{"@id":"https:\/\/www.mtexpo.com.br\/en\/#\/schema\/logo\/image\/"},"sameAs":["https:\/\/www.facebook.com\/feiramtexpo\/","https:\/\/www.youtube.com\/c\/mtexpofeira","https:\/\/www.instagram.com\/feiramtexpo\/"]},{"@type":"Person","@id":"https:\/\/www.mtexpo.com.br\/en\/#\/schema\/person\/fcebfd57a4ed565185e7a10de9edafda","name":"wallacebruno","image":{"@type":"ImageObject","inLanguage":"en-US","@id":"https:\/\/www.mtexpo.com.br\/en\/#\/schema\/person\/image\/","url":"https:\/\/secure.gravatar.com\/avatar\/38ff1c9a1b8b21c97a755a11b05186e8?s=96&d=mm&r=g","contentUrl":"https:\/\/secure.gravatar.com\/avatar\/38ff1c9a1b8b21c97a755a11b05186e8?s=96&d=mm&r=g","caption":"wallacebruno"},"url":"https:\/\/www.mtexpo.com.br\/en\/author\/wallacebruno\/"}]}},"_links":{"self":[{"href":"https:\/\/www.mtexpo.com.br\/en\/wp-json\/wp\/v2\/posts\/1106"}],"collection":[{"href":"https:\/\/www.mtexpo.com.br\/en\/wp-json\/wp\/v2\/posts"}],"about":[{"href":"https:\/\/www.mtexpo.com.br\/en\/wp-json\/wp\/v2\/types\/post"}],"author":[{"embeddable":true,"href":"https:\/\/www.mtexpo.com.br\/en\/wp-json\/wp\/v2\/users\/10"}],"replies":[{"embeddable":true,"href":"https:\/\/www.mtexpo.com.br\/en\/wp-json\/wp\/v2\/comments?post=1106"}],"version-history":[{"count":3,"href":"https:\/\/www.mtexpo.com.br\/en\/wp-json\/wp\/v2\/posts\/1106\/revisions"}],"predecessor-version":[{"id":1110,"href":"https:\/\/www.mtexpo.com.br\/en\/wp-json\/wp\/v2\/posts\/1106\/revisions\/1110"}],"wp:featuredmedia":[{"embeddable":true,"href":"https:\/\/www.mtexpo.com.br\/en\/wp-json\/wp\/v2\/media\/1107"}],"wp:attachment":[{"href":"https:\/\/www.mtexpo.com.br\/en\/wp-json\/wp\/v2\/media?parent=1106"}],"wp:term":[{"taxonomy":"category","embeddable":true,"href":"https:\/\/www.mtexpo.com.br\/en\/wp-json\/wp\/v2\/categories?post=1106"},{"taxonomy":"post_tag","embeddable":true,"href":"https:\/\/www.mtexpo.com.br\/en\/wp-json\/wp\/v2\/tags?post=1106"}],"curies":[{"name":"wp","href":"https:\/\/api.w.org\/{rel}","templated":true}]}}