{"id":820,"date":"2023-04-04T11:25:23","date_gmt":"2023-04-04T14:25:23","guid":{"rendered":"https:\/\/www.mtexpo.com.br\/en\/?p=820"},"modified":"2023-03-31T11:26:46","modified_gmt":"2023-03-31T14:26:46","slug":"colombia-carries-out-road-works-in-bogota","status":"publish","type":"post","link":"https:\/\/www.mtexpo.com.br\/en\/colombia-carries-out-road-works-in-bogota\/","title":{"rendered":"<strong>Colombia carries out road works in Bogot\u00e1<\/strong>\u00a0"},"content":{"rendered":"\n<p><em>The project is divided into several sections, with amounts funded by federal and municipal governments.<\/em>&nbsp;<\/p>\n\n\n\n<p>In March, the Urban Development Institute (IDU) of Colombia closed two public bidding processes for carrying out construction works, road improvement and adaptation to the public transport system on street 13, in Bogot\u00e1. The project will have an investment of $2.6 million, 70% of which will be funded by federal government and 30% by the district.&nbsp;<\/p>\n\n\n\n<p>The construction proposal for the junction of Ponte Aranda was presented by CC L1 Consortium, constituted by Constructora ConConcreto S.A. with 75% participation, and ConConcreto Proyectos S.A.S with 25% participation. According to the City of Bogot\u00e1, the contract purpose is building of a three-level intersection where Centen\u00e1rio avenue (street 13), Km 50 (Batalh\u00e3o Caldas avenue), Las Am\u00e9ricas avenue, Col\u00f3n avenue and Comunardos avenue meet.&nbsp;&nbsp;<\/p>\n\n\n\n<p>A second bid corresponds to sections 2, 3 and 4. The construction will begin at Km 55 and extend to Km 69F, including 68 avenue&#8217;s intersection, the Constituci\u00f3n avenue&#8217;s viaduct, four stations and two operational returns of the public transport system and their respective elevated accesses.&nbsp;&nbsp;<\/p>\n\n\n\n<p>Section 3, which runs from km 69F to 100, includes Boyac\u00e1 avenue&#8217;s intersection, the junction with Ciudad de Cali&#8217;s avenue intersection, a viaduct on Fontib\u00f3n avenue, five stations and an operational return of the transport system. Section 4, which starts at Km 100 and extends to the district border, includes an overpass at street 17 and Km 119, four stations, the main station and an operational return to the mass public transport system.&nbsp;<\/p>\n\n\n\n<p>Lastly, section 5, which has not been bid yet, corresponds to the workshop yard and will go into the bidding process as soon as real estate is feasible. This bidding, however, should be carried out by IDU in this year&#8217;s first half.\u00a0<\/p>\n\n\n\n<p>By: Santelmo Camilo<\/p>\n","protected":false},"excerpt":{"rendered":"","protected":false},"author":7,"featured_media":821,"comment_status":"open","ping_status":"open","sticky":false,"template":"","format":"standard","meta":[],"categories":[12],"tags":[],"acf":[],"yoast_head":"<!-- This site is optimized with the Yoast SEO plugin v20.8 - https:\/\/yoast.com\/wordpress\/plugins\/seo\/ -->\n<title>Colombia carries out road works in Bogot\u00e1\u00a0 | M&amp;T Expo<\/title>\n<meta name=\"robots\" content=\"index, follow, max-snippet:-1, max-image-preview:large, max-video-preview:-1\" \/>\n<link rel=\"canonical\" href=\"https:\/\/www.mtexpo.com.br\/en\/colombia-carries-out-road-works-in-bogota\/\" \/>\n<meta property=\"og:locale\" content=\"en_US\" \/>\n<meta property=\"og:type\" content=\"article\" \/>\n<meta property=\"og:title\" content=\"Colombia carries out road works in Bogot\u00e1\u00a0 | M&amp;T Expo\" \/>\n<meta property=\"og:url\" content=\"https:\/\/www.mtexpo.com.br\/en\/colombia-carries-out-road-works-in-bogota\/\" \/>\n<meta property=\"og:site_name\" content=\"M&amp;T Expo - EN\" \/>\n<meta property=\"article:publisher\" content=\"https:\/\/www.facebook.com\/feiramtexpo\/\" \/>\n<meta property=\"article:published_time\" content=\"2023-04-04T14:25:23+00:00\" \/>\n<meta property=\"article:modified_time\" content=\"2023-03-31T14:26:46+00:00\" \/>\n<meta property=\"og:image\" content=\"https:\/\/www.mtexpo.com.br\/en\/wp-content\/uploads\/sites\/2\/2023\/03\/Design-sem-nome-21.jpg\" \/>\n\t<meta property=\"og:image:width\" content=\"1920\" \/>\n\t<meta property=\"og:image:height\" content=\"1306\" \/>\n\t<meta property=\"og:image:type\" content=\"image\/jpeg\" \/>\n<meta name=\"author\" content=\"Yasmin Ribeiro\" \/>\n<meta name=\"twitter:card\" content=\"summary_large_image\" \/>\n<meta name=\"twitter:label1\" content=\"Written by\" \/>\n\t<meta name=\"twitter:data1\" content=\"Yasmin Ribeiro\" \/>\n\t<meta name=\"twitter:label2\" content=\"Est. reading time\" \/>\n\t<meta name=\"twitter:data2\" content=\"2 minutes\" \/>\n<script type=\"application\/ld+json\" class=\"yoast-schema-graph\">{\"@context\":\"https:\/\/schema.org\",\"@graph\":[{\"@type\":\"Article\",\"@id\":\"https:\/\/www.mtexpo.com.br\/en\/colombia-carries-out-road-works-in-bogota\/#article\",\"isPartOf\":{\"@id\":\"https:\/\/www.mtexpo.com.br\/en\/colombia-carries-out-road-works-in-bogota\/\"},\"author\":{\"name\":\"Yasmin Ribeiro\",\"@id\":\"https:\/\/www.mtexpo.com.br\/en\/#\/schema\/person\/335d1f123b404f4eeee3c77d3eff4bfd\"},\"headline\":\"Colombia carries out road works in Bogot\u00e1\u00a0\",\"datePublished\":\"2023-04-04T14:25:23+00:00\",\"dateModified\":\"2023-03-31T14:26:46+00:00\",\"mainEntityOfPage\":{\"@id\":\"https:\/\/www.mtexpo.com.br\/en\/colombia-carries-out-road-works-in-bogota\/\"},\"wordCount\":307,\"commentCount\":0,\"publisher\":{\"@id\":\"https:\/\/www.mtexpo.com.br\/en\/#organization\"},\"articleSection\":[\"Infrastructure\"],\"inLanguage\":\"en-US\",\"potentialAction\":[{\"@type\":\"CommentAction\",\"name\":\"Comment\",\"target\":[\"https:\/\/www.mtexpo.com.br\/en\/colombia-carries-out-road-works-in-bogota\/#respond\"]}]},{\"@type\":\"WebPage\",\"@id\":\"https:\/\/www.mtexpo.com.br\/en\/colombia-carries-out-road-works-in-bogota\/\",\"url\":\"https:\/\/www.mtexpo.com.br\/en\/colombia-carries-out-road-works-in-bogota\/\",\"name\":\"Colombia carries out road works in Bogot\u00e1\u00a0 | M&T Expo\",\"isPartOf\":{\"@id\":\"https:\/\/www.mtexpo.com.br\/en\/#website\"},\"datePublished\":\"2023-04-04T14:25:23+00:00\",\"dateModified\":\"2023-03-31T14:26:46+00:00\",\"breadcrumb\":{\"@id\":\"https:\/\/www.mtexpo.com.br\/en\/colombia-carries-out-road-works-in-bogota\/#breadcrumb\"},\"inLanguage\":\"en-US\",\"potentialAction\":[{\"@type\":\"ReadAction\",\"target\":[\"https:\/\/www.mtexpo.com.br\/en\/colombia-carries-out-road-works-in-bogota\/\"]}]},{\"@type\":\"BreadcrumbList\",\"@id\":\"https:\/\/www.mtexpo.com.br\/en\/colombia-carries-out-road-works-in-bogota\/#breadcrumb\",\"itemListElement\":[{\"@type\":\"ListItem\",\"position\":1,\"name\":\"In\u00edcio\",\"item\":\"https:\/\/www.mtexpo.com.br\/en\/\"},{\"@type\":\"ListItem\",\"position\":2,\"name\":\"Colombia carries out road works in Bogot\u00e1\u00a0\"}]},{\"@type\":\"WebSite\",\"@id\":\"https:\/\/www.mtexpo.com.br\/en\/#website\",\"url\":\"https:\/\/www.mtexpo.com.br\/en\/\",\"name\":\"M&T Expo\",\"description\":\"Part of bauma NETWORK\",\"publisher\":{\"@id\":\"https:\/\/www.mtexpo.com.br\/en\/#organization\"},\"alternateName\":\"M&T Expo\",\"potentialAction\":[{\"@type\":\"SearchAction\",\"target\":{\"@type\":\"EntryPoint\",\"urlTemplate\":\"https:\/\/www.mtexpo.com.br\/en\/?s={search_term_string}\"},\"query-input\":\"required name=search_term_string\"}],\"inLanguage\":\"en-US\"},{\"@type\":\"Organization\",\"@id\":\"https:\/\/www.mtexpo.com.br\/en\/#organization\",\"name\":\"M&T Expo\",\"alternateName\":\"M&T Expo\",\"url\":\"https:\/\/www.mtexpo.com.br\/en\/\",\"logo\":{\"@type\":\"ImageObject\",\"inLanguage\":\"en-US\",\"@id\":\"https:\/\/www.mtexpo.com.br\/en\/#\/schema\/logo\/image\/\",\"url\":\"https:\/\/www.mtexpo.com.br\/en\/wp-content\/uploads\/sites\/2\/2022\/12\/logo-MT-expo-1.svg\",\"contentUrl\":\"https:\/\/www.mtexpo.com.br\/en\/wp-content\/uploads\/sites\/2\/2022\/12\/logo-MT-expo-1.svg\",\"width\":350,\"height\":70,\"caption\":\"M&T Expo\"},\"image\":{\"@id\":\"https:\/\/www.mtexpo.com.br\/en\/#\/schema\/logo\/image\/\"},\"sameAs\":[\"https:\/\/www.facebook.com\/feiramtexpo\/\",\"https:\/\/www.youtube.com\/c\/mtexpofeira\",\"https:\/\/www.instagram.com\/feiramtexpo\/\"]},{\"@type\":\"Person\",\"@id\":\"https:\/\/www.mtexpo.com.br\/en\/#\/schema\/person\/335d1f123b404f4eeee3c77d3eff4bfd\",\"name\":\"Yasmin Ribeiro\",\"image\":{\"@type\":\"ImageObject\",\"inLanguage\":\"en-US\",\"@id\":\"https:\/\/www.mtexpo.com.br\/en\/#\/schema\/person\/image\/\",\"url\":\"https:\/\/secure.gravatar.com\/avatar\/bf734aef4167ed7e812cf407c1f725c9?s=96&d=mm&r=g\",\"contentUrl\":\"https:\/\/secure.gravatar.com\/avatar\/bf734aef4167ed7e812cf407c1f725c9?s=96&d=mm&r=g\",\"caption\":\"Yasmin Ribeiro\"},\"url\":\"https:\/\/www.mtexpo.com.br\/en\/author\/thiagobento\/\"}]}<\/script>\n<!-- \/ Yoast SEO plugin. -->","yoast_head_json":{"title":"Colombia carries out road works in Bogot\u00e1\u00a0 | M&T Expo","robots":{"index":"index","follow":"follow","max-snippet":"max-snippet:-1","max-image-preview":"max-image-preview:large","max-video-preview":"max-video-preview:-1"},"canonical":"https:\/\/www.mtexpo.com.br\/en\/colombia-carries-out-road-works-in-bogota\/","og_locale":"en_US","og_type":"article","og_title":"Colombia carries out road works in Bogot\u00e1\u00a0 | M&T Expo","og_url":"https:\/\/www.mtexpo.com.br\/en\/colombia-carries-out-road-works-in-bogota\/","og_site_name":"M&amp;T Expo - EN","article_publisher":"https:\/\/www.facebook.com\/feiramtexpo\/","article_published_time":"2023-04-04T14:25:23+00:00","article_modified_time":"2023-03-31T14:26:46+00:00","og_image":[{"width":1920,"height":1306,"url":"https:\/\/www.mtexpo.com.br\/en\/wp-content\/uploads\/sites\/2\/2023\/03\/Design-sem-nome-21.jpg","type":"image\/jpeg"}],"author":"Yasmin Ribeiro","twitter_card":"summary_large_image","twitter_misc":{"Written by":"Yasmin Ribeiro","Est. reading time":"2 minutes"},"schema":{"@context":"https:\/\/schema.org","@graph":[{"@type":"Article","@id":"https:\/\/www.mtexpo.com.br\/en\/colombia-carries-out-road-works-in-bogota\/#article","isPartOf":{"@id":"https:\/\/www.mtexpo.com.br\/en\/colombia-carries-out-road-works-in-bogota\/"},"author":{"name":"Yasmin Ribeiro","@id":"https:\/\/www.mtexpo.com.br\/en\/#\/schema\/person\/335d1f123b404f4eeee3c77d3eff4bfd"},"headline":"Colombia carries out road works in Bogot\u00e1\u00a0","datePublished":"2023-04-04T14:25:23+00:00","dateModified":"2023-03-31T14:26:46+00:00","mainEntityOfPage":{"@id":"https:\/\/www.mtexpo.com.br\/en\/colombia-carries-out-road-works-in-bogota\/"},"wordCount":307,"commentCount":0,"publisher":{"@id":"https:\/\/www.mtexpo.com.br\/en\/#organization"},"articleSection":["Infrastructure"],"inLanguage":"en-US","potentialAction":[{"@type":"CommentAction","name":"Comment","target":["https:\/\/www.mtexpo.com.br\/en\/colombia-carries-out-road-works-in-bogota\/#respond"]}]},{"@type":"WebPage","@id":"https:\/\/www.mtexpo.com.br\/en\/colombia-carries-out-road-works-in-bogota\/","url":"https:\/\/www.mtexpo.com.br\/en\/colombia-carries-out-road-works-in-bogota\/","name":"Colombia carries out road works in Bogot\u00e1\u00a0 | M&T Expo","isPartOf":{"@id":"https:\/\/www.mtexpo.com.br\/en\/#website"},"datePublished":"2023-04-04T14:25:23+00:00","dateModified":"2023-03-31T14:26:46+00:00","breadcrumb":{"@id":"https:\/\/www.mtexpo.com.br\/en\/colombia-carries-out-road-works-in-bogota\/#breadcrumb"},"inLanguage":"en-US","potentialAction":[{"@type":"ReadAction","target":["https:\/\/www.mtexpo.com.br\/en\/colombia-carries-out-road-works-in-bogota\/"]}]},{"@type":"BreadcrumbList","@id":"https:\/\/www.mtexpo.com.br\/en\/colombia-carries-out-road-works-in-bogota\/#breadcrumb","itemListElement":[{"@type":"ListItem","position":1,"name":"In\u00edcio","item":"https:\/\/www.mtexpo.com.br\/en\/"},{"@type":"ListItem","position":2,"name":"Colombia carries out road works in Bogot\u00e1\u00a0"}]},{"@type":"WebSite","@id":"https:\/\/www.mtexpo.com.br\/en\/#website","url":"https:\/\/www.mtexpo.com.br\/en\/","name":"M&T Expo","description":"Part of bauma NETWORK","publisher":{"@id":"https:\/\/www.mtexpo.com.br\/en\/#organization"},"alternateName":"M&T Expo","potentialAction":[{"@type":"SearchAction","target":{"@type":"EntryPoint","urlTemplate":"https:\/\/www.mtexpo.com.br\/en\/?s={search_term_string}"},"query-input":"required name=search_term_string"}],"inLanguage":"en-US"},{"@type":"Organization","@id":"https:\/\/www.mtexpo.com.br\/en\/#organization","name":"M&T Expo","alternateName":"M&T Expo","url":"https:\/\/www.mtexpo.com.br\/en\/","logo":{"@type":"ImageObject","inLanguage":"en-US","@id":"https:\/\/www.mtexpo.com.br\/en\/#\/schema\/logo\/image\/","url":"https:\/\/www.mtexpo.com.br\/en\/wp-content\/uploads\/sites\/2\/2022\/12\/logo-MT-expo-1.svg","contentUrl":"https:\/\/www.mtexpo.com.br\/en\/wp-content\/uploads\/sites\/2\/2022\/12\/logo-MT-expo-1.svg","width":350,"height":70,"caption":"M&T Expo"},"image":{"@id":"https:\/\/www.mtexpo.com.br\/en\/#\/schema\/logo\/image\/"},"sameAs":["https:\/\/www.facebook.com\/feiramtexpo\/","https:\/\/www.youtube.com\/c\/mtexpofeira","https:\/\/www.instagram.com\/feiramtexpo\/"]},{"@type":"Person","@id":"https:\/\/www.mtexpo.com.br\/en\/#\/schema\/person\/335d1f123b404f4eeee3c77d3eff4bfd","name":"Yasmin Ribeiro","image":{"@type":"ImageObject","inLanguage":"en-US","@id":"https:\/\/www.mtexpo.com.br\/en\/#\/schema\/person\/image\/","url":"https:\/\/secure.gravatar.com\/avatar\/bf734aef4167ed7e812cf407c1f725c9?s=96&d=mm&r=g","contentUrl":"https:\/\/secure.gravatar.com\/avatar\/bf734aef4167ed7e812cf407c1f725c9?s=96&d=mm&r=g","caption":"Yasmin Ribeiro"},"url":"https:\/\/www.mtexpo.com.br\/en\/author\/thiagobento\/"}]}},"_links":{"self":[{"href":"https:\/\/www.mtexpo.com.br\/en\/wp-json\/wp\/v2\/posts\/820"}],"collection":[{"href":"https:\/\/www.mtexpo.com.br\/en\/wp-json\/wp\/v2\/posts"}],"about":[{"href":"https:\/\/www.mtexpo.com.br\/en\/wp-json\/wp\/v2\/types\/post"}],"author":[{"embeddable":true,"href":"https:\/\/www.mtexpo.com.br\/en\/wp-json\/wp\/v2\/users\/7"}],"replies":[{"embeddable":true,"href":"https:\/\/www.mtexpo.com.br\/en\/wp-json\/wp\/v2\/comments?post=820"}],"version-history":[{"count":1,"href":"https:\/\/www.mtexpo.com.br\/en\/wp-json\/wp\/v2\/posts\/820\/revisions"}],"predecessor-version":[{"id":822,"href":"https:\/\/www.mtexpo.com.br\/en\/wp-json\/wp\/v2\/posts\/820\/revisions\/822"}],"wp:featuredmedia":[{"embeddable":true,"href":"https:\/\/www.mtexpo.com.br\/en\/wp-json\/wp\/v2\/media\/821"}],"wp:attachment":[{"href":"https:\/\/www.mtexpo.com.br\/en\/wp-json\/wp\/v2\/media?parent=820"}],"wp:term":[{"taxonomy":"category","embeddable":true,"href":"https:\/\/www.mtexpo.com.br\/en\/wp-json\/wp\/v2\/categories?post=820"},{"taxonomy":"post_tag","embeddable":true,"href":"https:\/\/www.mtexpo.com.br\/en\/wp-json\/wp\/v2\/tags?post=820"}],"curies":[{"name":"wp","href":"https:\/\/api.w.org\/{rel}","templated":true}]}}