{"id":1008,"date":"2023-08-11T11:20:37","date_gmt":"2023-08-11T14:20:37","guid":{"rendered":"https:\/\/www.mtexpo.com.br\/es\/?p=1008"},"modified":"2023-08-23T17:15:23","modified_gmt":"2023-08-23T20:15:23","slug":"sector-de-construccion-civil-tendra-crecimiento-de-45-apuntan-los-analistas","status":"publish","type":"post","link":"https:\/\/www.mtexpo.com.br\/es\/2023\/08\/11\/sector-de-construccion-civil-tendra-crecimiento-de-45-apuntan-los-analistas\/","title":{"rendered":"<strong>Sector de construcci\u00f3n civil tendr\u00e1 crecimiento de 4,5%, apuntan los analistas<\/strong>"},"content":{"rendered":"\n<p><em>La previsi\u00f3n se basa en las inversiones en programas de vivienda, baja de intereses, recuperaci\u00f3n econ\u00f3mica del pa\u00eds, retomada de las obras de infraestructura, entre otros factores&nbsp;<\/em>&nbsp;<\/p>\n\n\n\n<p>El sector de construcci\u00f3n tiene buenas perspectivas para los pr\u00f3ximos meses, estimulado por obras inmobiliarias, refuerzo del Programa Minha Casa, Minha Vida [Mi Casa, Mi Vida], y por proyectos de infraestructura. De acuerdo con el Estudio Obramax, despu\u00e9s que las constructoras alcanzaron una facturaci\u00f3n hist\u00f3rica de R$ 179,6 mil millones durante el a\u00f1o 2013 y despu\u00e9s de caer a R$ 49,6 mil millones en 2017, el crecimiento se ha reanudado gradualmente. En 2019, el sector mostr\u00f3 buena recuperaci\u00f3n llegando a R$ 58,9 mil millones, y en 2021, a\u00f1o con datos m\u00e1s recientes, l volumen aument\u00f3 y lleg\u00f3 aR$ 68,3 mil millones.&nbsp;<\/p>\n\n\n\n<p>Para 2023, de acuerdo con la consultor\u00eda Prospecta Analytica, la previsi\u00f3n es de un crecimiento de 4,5% de la construcci\u00f3n civil, en raz\u00f3n de la recuperaci\u00f3n econ\u00f3mica de Brasil, de la desaceleraci\u00f3n de los costos de los materiales y tambi\u00e9n al \u00e1nimo del mercado tras la pandemia.\u202fEste \u00edndice tambi\u00e9n tiene en cuenta la inversi\u00f3n de R$ 10 mil millones anunciado en enero para el programa Mi Casa, Mi Vida, por el Ministerio de las Ciudades, pero los resultados pr\u00e1cticos de este aporte financiero s\u00f3lo comenzar\u00e1n a ser vistos en este segundo semestre de 2023.&nbsp;<\/p>\n\n\n\n<p>Las expectativas positivas refuerzan la confianza en el aumento de las ventas de equipos para hormig\u00f3n. Gian Romano, gerente comercial de tecnolog\u00eda del hormig\u00f3n de Liebherr Brasil, cree que el a\u00f1o 2023 est\u00e1 siendo desafiador, pero con buenas oportunidades. \u201cEstamos optimistas de que habr\u00e1 inversiones en nuevos proyectos de construcci\u00f3n\u201d, dice \u00e9l.&nbsp;<\/p>\n\n\n\n<p>Rodrigo Kazuma, gerente de la unidad de hormig\u00f3n de Zoomlion Brasil, tambi\u00e9n comparte esta perspectiva, y cree en un posible aumento de incentivo para construcciones populares y proyectos de infraestructura por parte del gobierno federal, con la continuidad de los proyectos en marcha.&nbsp;<\/p>\n\n\n\n<p>\u201cEl sector inmobiliario ya posee un gran n\u00famero de proyectos lanzados y con el inicio de las obras en 2023. Para el sector de infraestructura podemos destacar las obras del metro, el lanzamiento del Tren interurbano uniendo S\u00e3o Paulo a Campinas, las nuevas concesiones de aeropuertos y puertos. Finalmente, los sectores industriales, aceite y gas, miner\u00eda y agro piensan en nuevos proyectos importantes\u201d, piensa Rodrigo.&nbsp;<\/p>\n\n\n\n<p>Por: Santelmo Camilo<\/p>\n","protected":false},"excerpt":{"rendered":"<p>El sector de construcci\u00f3n tiene buenas perspectivas para los pr\u00f3ximos meses, estimulado por obras inmobiliarias, refuerzo del Programa&#8230;<\/p>\n","protected":false},"author":10,"featured_media":1009,"comment_status":"open","ping_status":"open","sticky":false,"template":"","format":"standard","meta":[],"categories":[12],"tags":[],"acf":[],"yoast_head":"<!-- This site is optimized with the Yoast SEO plugin v20.8 - https:\/\/yoast.com\/wordpress\/plugins\/seo\/ -->\n<title>Sector de construcci\u00f3n civil tendr\u00e1 crecimiento de 4,5%, apuntan los analistas | M&amp;T Expo<\/title>\n<meta name=\"description\" content=\"El sector de construcci\u00f3n tiene buenas perspectivas para los pr\u00f3ximos meses, estimulado por obras inmobiliarias, refuerzo del Programa...\" \/>\n<meta name=\"robots\" content=\"index, follow, max-snippet:-1, max-image-preview:large, max-video-preview:-1\" \/>\n<link rel=\"canonical\" href=\"https:\/\/www.mtexpo.com.br\/es\/2023\/08\/11\/sector-de-construccion-civil-tendra-crecimiento-de-45-apuntan-los-analistas\/\" \/>\n<meta property=\"og:locale\" content=\"es_ES\" \/>\n<meta property=\"og:type\" content=\"article\" \/>\n<meta property=\"og:title\" content=\"Sector de construcci\u00f3n civil tendr\u00e1 crecimiento de 4,5%, apuntan los analistas | M&amp;T Expo\" \/>\n<meta property=\"og:description\" content=\"El sector de construcci\u00f3n tiene buenas perspectivas para los pr\u00f3ximos meses, estimulado por obras inmobiliarias, refuerzo del Programa...\" \/>\n<meta property=\"og:url\" content=\"https:\/\/www.mtexpo.com.br\/es\/2023\/08\/11\/sector-de-construccion-civil-tendra-crecimiento-de-45-apuntan-los-analistas\/\" \/>\n<meta property=\"og:site_name\" content=\"M&amp;T Expo - ES\" \/>\n<meta property=\"article:publisher\" content=\"https:\/\/www.facebook.com\/feiramtexpo\/\" \/>\n<meta property=\"article:published_time\" content=\"2023-08-11T14:20:37+00:00\" \/>\n<meta property=\"article:modified_time\" content=\"2023-08-23T20:15:23+00:00\" \/>\n<meta property=\"og:image\" content=\"https:\/\/www.mtexpo.com.br\/es\/wp-content\/uploads\/sites\/3\/2023\/08\/imagem-de-objetos-de-engenharia-na-visao-superior-do-local-de-trabalho-conceito-de-construcao-ferramentas-de-engenharia-tom-padrao-de-filtro-retroiluminado-foco-suave-foco-seletivo-scaled.jpg\" \/>\n\t<meta property=\"og:image:width\" content=\"2560\" \/>\n\t<meta property=\"og:image:height\" content=\"1141\" \/>\n\t<meta property=\"og:image:type\" content=\"image\/jpeg\" \/>\n<meta name=\"author\" content=\"wallacebruno\" \/>\n<meta name=\"twitter:card\" content=\"summary_large_image\" \/>\n<meta name=\"twitter:label1\" content=\"Written by\" \/>\n\t<meta name=\"twitter:data1\" content=\"wallacebruno\" \/>\n\t<meta name=\"twitter:label2\" content=\"Est. reading time\" \/>\n\t<meta name=\"twitter:data2\" content=\"2 minutes\" \/>\n<script type=\"application\/ld+json\" class=\"yoast-schema-graph\">{\"@context\":\"https:\/\/schema.org\",\"@graph\":[{\"@type\":\"Article\",\"@id\":\"https:\/\/www.mtexpo.com.br\/es\/2023\/08\/11\/sector-de-construccion-civil-tendra-crecimiento-de-45-apuntan-los-analistas\/#article\",\"isPartOf\":{\"@id\":\"https:\/\/www.mtexpo.com.br\/es\/2023\/08\/11\/sector-de-construccion-civil-tendra-crecimiento-de-45-apuntan-los-analistas\/\"},\"author\":{\"name\":\"wallacebruno\",\"@id\":\"https:\/\/www.mtexpo.com.br\/es\/#\/schema\/person\/fcebfd57a4ed565185e7a10de9edafda\"},\"headline\":\"Sector de construcci\u00f3n civil tendr\u00e1 crecimiento de 4,5%, apuntan los analistas\",\"datePublished\":\"2023-08-11T14:20:37+00:00\",\"dateModified\":\"2023-08-23T20:15:23+00:00\",\"mainEntityOfPage\":{\"@id\":\"https:\/\/www.mtexpo.com.br\/es\/2023\/08\/11\/sector-de-construccion-civil-tendra-crecimiento-de-45-apuntan-los-analistas\/\"},\"wordCount\":427,\"commentCount\":0,\"publisher\":{\"@id\":\"https:\/\/www.mtexpo.com.br\/es\/#organization\"},\"articleSection\":[\"Infraestructura\"],\"inLanguage\":\"es-ES\",\"potentialAction\":[{\"@type\":\"CommentAction\",\"name\":\"Comment\",\"target\":[\"https:\/\/www.mtexpo.com.br\/es\/2023\/08\/11\/sector-de-construccion-civil-tendra-crecimiento-de-45-apuntan-los-analistas\/#respond\"]}]},{\"@type\":\"WebPage\",\"@id\":\"https:\/\/www.mtexpo.com.br\/es\/2023\/08\/11\/sector-de-construccion-civil-tendra-crecimiento-de-45-apuntan-los-analistas\/\",\"url\":\"https:\/\/www.mtexpo.com.br\/es\/2023\/08\/11\/sector-de-construccion-civil-tendra-crecimiento-de-45-apuntan-los-analistas\/\",\"name\":\"Sector de construcci\u00f3n civil tendr\u00e1 crecimiento de 4,5%, apuntan los analistas | M&T Expo\",\"isPartOf\":{\"@id\":\"https:\/\/www.mtexpo.com.br\/es\/#website\"},\"datePublished\":\"2023-08-11T14:20:37+00:00\",\"dateModified\":\"2023-08-23T20:15:23+00:00\",\"description\":\"El sector de construcci\u00f3n tiene buenas perspectivas para los pr\u00f3ximos meses, estimulado por obras inmobiliarias, refuerzo del Programa...\",\"breadcrumb\":{\"@id\":\"https:\/\/www.mtexpo.com.br\/es\/2023\/08\/11\/sector-de-construccion-civil-tendra-crecimiento-de-45-apuntan-los-analistas\/#breadcrumb\"},\"inLanguage\":\"es-ES\",\"potentialAction\":[{\"@type\":\"ReadAction\",\"target\":[\"https:\/\/www.mtexpo.com.br\/es\/2023\/08\/11\/sector-de-construccion-civil-tendra-crecimiento-de-45-apuntan-los-analistas\/\"]}]},{\"@type\":\"BreadcrumbList\",\"@id\":\"https:\/\/www.mtexpo.com.br\/es\/2023\/08\/11\/sector-de-construccion-civil-tendra-crecimiento-de-45-apuntan-los-analistas\/#breadcrumb\",\"itemListElement\":[{\"@type\":\"ListItem\",\"position\":1,\"name\":\"In\u00edcio\",\"item\":\"https:\/\/www.mtexpo.com.br\/es\/\"},{\"@type\":\"ListItem\",\"position\":2,\"name\":\"Sector de construcci\u00f3n civil tendr\u00e1 crecimiento de 4,5%, apuntan los analistas\"}]},{\"@type\":\"WebSite\",\"@id\":\"https:\/\/www.mtexpo.com.br\/es\/#website\",\"url\":\"https:\/\/www.mtexpo.com.br\/es\/\",\"name\":\"M&T Expo\",\"description\":\"Part of bauma NETWORK\",\"publisher\":{\"@id\":\"https:\/\/www.mtexpo.com.br\/es\/#organization\"},\"alternateName\":\"M&T Expo\",\"potentialAction\":[{\"@type\":\"SearchAction\",\"target\":{\"@type\":\"EntryPoint\",\"urlTemplate\":\"https:\/\/www.mtexpo.com.br\/es\/?s={search_term_string}\"},\"query-input\":\"required name=search_term_string\"}],\"inLanguage\":\"es-ES\"},{\"@type\":\"Organization\",\"@id\":\"https:\/\/www.mtexpo.com.br\/es\/#organization\",\"name\":\"M&T Expo\",\"alternateName\":\"M&T Expo\",\"url\":\"https:\/\/www.mtexpo.com.br\/es\/\",\"logo\":{\"@type\":\"ImageObject\",\"inLanguage\":\"es-ES\",\"@id\":\"https:\/\/www.mtexpo.com.br\/es\/#\/schema\/logo\/image\/\",\"url\":\"https:\/\/www.mtexpo.com.br\/es\/wp-content\/uploads\/sites\/3\/2022\/12\/logo-MT-expo.svg\",\"contentUrl\":\"https:\/\/www.mtexpo.com.br\/es\/wp-content\/uploads\/sites\/3\/2022\/12\/logo-MT-expo.svg\",\"width\":350,\"height\":70,\"caption\":\"M&T Expo\"},\"image\":{\"@id\":\"https:\/\/www.mtexpo.com.br\/es\/#\/schema\/logo\/image\/\"},\"sameAs\":[\"https:\/\/www.facebook.com\/feiramtexpo\/\",\"https:\/\/www.youtube.com\/c\/mtexpofeira\",\"https:\/\/www.instagram.com\/feiramtexpo\/\"]},{\"@type\":\"Person\",\"@id\":\"https:\/\/www.mtexpo.com.br\/es\/#\/schema\/person\/fcebfd57a4ed565185e7a10de9edafda\",\"name\":\"wallacebruno\",\"image\":{\"@type\":\"ImageObject\",\"inLanguage\":\"es-ES\",\"@id\":\"https:\/\/www.mtexpo.com.br\/es\/#\/schema\/person\/image\/\",\"url\":\"https:\/\/secure.gravatar.com\/avatar\/38ff1c9a1b8b21c97a755a11b05186e8?s=96&d=mm&r=g\",\"contentUrl\":\"https:\/\/secure.gravatar.com\/avatar\/38ff1c9a1b8b21c97a755a11b05186e8?s=96&d=mm&r=g\",\"caption\":\"wallacebruno\"},\"url\":\"https:\/\/www.mtexpo.com.br\/es\/author\/wallacebruno\/\"}]}<\/script>\n<!-- \/ Yoast SEO plugin. -->","yoast_head_json":{"title":"Sector de construcci\u00f3n civil tendr\u00e1 crecimiento de 4,5%, apuntan los analistas | M&T Expo","description":"El sector de construcci\u00f3n tiene buenas perspectivas para los pr\u00f3ximos meses, estimulado por obras inmobiliarias, refuerzo del Programa...","robots":{"index":"index","follow":"follow","max-snippet":"max-snippet:-1","max-image-preview":"max-image-preview:large","max-video-preview":"max-video-preview:-1"},"canonical":"https:\/\/www.mtexpo.com.br\/es\/2023\/08\/11\/sector-de-construccion-civil-tendra-crecimiento-de-45-apuntan-los-analistas\/","og_locale":"es_ES","og_type":"article","og_title":"Sector de construcci\u00f3n civil tendr\u00e1 crecimiento de 4,5%, apuntan los analistas | M&T Expo","og_description":"El sector de construcci\u00f3n tiene buenas perspectivas para los pr\u00f3ximos meses, estimulado por obras inmobiliarias, refuerzo del Programa...","og_url":"https:\/\/www.mtexpo.com.br\/es\/2023\/08\/11\/sector-de-construccion-civil-tendra-crecimiento-de-45-apuntan-los-analistas\/","og_site_name":"M&amp;T Expo - ES","article_publisher":"https:\/\/www.facebook.com\/feiramtexpo\/","article_published_time":"2023-08-11T14:20:37+00:00","article_modified_time":"2023-08-23T20:15:23+00:00","og_image":[{"width":2560,"height":1141,"url":"https:\/\/www.mtexpo.com.br\/es\/wp-content\/uploads\/sites\/3\/2023\/08\/imagem-de-objetos-de-engenharia-na-visao-superior-do-local-de-trabalho-conceito-de-construcao-ferramentas-de-engenharia-tom-padrao-de-filtro-retroiluminado-foco-suave-foco-seletivo-scaled.jpg","type":"image\/jpeg"}],"author":"wallacebruno","twitter_card":"summary_large_image","twitter_misc":{"Written by":"wallacebruno","Est. reading time":"2 minutes"},"schema":{"@context":"https:\/\/schema.org","@graph":[{"@type":"Article","@id":"https:\/\/www.mtexpo.com.br\/es\/2023\/08\/11\/sector-de-construccion-civil-tendra-crecimiento-de-45-apuntan-los-analistas\/#article","isPartOf":{"@id":"https:\/\/www.mtexpo.com.br\/es\/2023\/08\/11\/sector-de-construccion-civil-tendra-crecimiento-de-45-apuntan-los-analistas\/"},"author":{"name":"wallacebruno","@id":"https:\/\/www.mtexpo.com.br\/es\/#\/schema\/person\/fcebfd57a4ed565185e7a10de9edafda"},"headline":"Sector de construcci\u00f3n civil tendr\u00e1 crecimiento de 4,5%, apuntan los analistas","datePublished":"2023-08-11T14:20:37+00:00","dateModified":"2023-08-23T20:15:23+00:00","mainEntityOfPage":{"@id":"https:\/\/www.mtexpo.com.br\/es\/2023\/08\/11\/sector-de-construccion-civil-tendra-crecimiento-de-45-apuntan-los-analistas\/"},"wordCount":427,"commentCount":0,"publisher":{"@id":"https:\/\/www.mtexpo.com.br\/es\/#organization"},"articleSection":["Infraestructura"],"inLanguage":"es-ES","potentialAction":[{"@type":"CommentAction","name":"Comment","target":["https:\/\/www.mtexpo.com.br\/es\/2023\/08\/11\/sector-de-construccion-civil-tendra-crecimiento-de-45-apuntan-los-analistas\/#respond"]}]},{"@type":"WebPage","@id":"https:\/\/www.mtexpo.com.br\/es\/2023\/08\/11\/sector-de-construccion-civil-tendra-crecimiento-de-45-apuntan-los-analistas\/","url":"https:\/\/www.mtexpo.com.br\/es\/2023\/08\/11\/sector-de-construccion-civil-tendra-crecimiento-de-45-apuntan-los-analistas\/","name":"Sector de construcci\u00f3n civil tendr\u00e1 crecimiento de 4,5%, apuntan los analistas | M&T Expo","isPartOf":{"@id":"https:\/\/www.mtexpo.com.br\/es\/#website"},"datePublished":"2023-08-11T14:20:37+00:00","dateModified":"2023-08-23T20:15:23+00:00","description":"El sector de construcci\u00f3n tiene buenas perspectivas para los pr\u00f3ximos meses, estimulado por obras inmobiliarias, refuerzo del Programa...","breadcrumb":{"@id":"https:\/\/www.mtexpo.com.br\/es\/2023\/08\/11\/sector-de-construccion-civil-tendra-crecimiento-de-45-apuntan-los-analistas\/#breadcrumb"},"inLanguage":"es-ES","potentialAction":[{"@type":"ReadAction","target":["https:\/\/www.mtexpo.com.br\/es\/2023\/08\/11\/sector-de-construccion-civil-tendra-crecimiento-de-45-apuntan-los-analistas\/"]}]},{"@type":"BreadcrumbList","@id":"https:\/\/www.mtexpo.com.br\/es\/2023\/08\/11\/sector-de-construccion-civil-tendra-crecimiento-de-45-apuntan-los-analistas\/#breadcrumb","itemListElement":[{"@type":"ListItem","position":1,"name":"In\u00edcio","item":"https:\/\/www.mtexpo.com.br\/es\/"},{"@type":"ListItem","position":2,"name":"Sector de construcci\u00f3n civil tendr\u00e1 crecimiento de 4,5%, apuntan los analistas"}]},{"@type":"WebSite","@id":"https:\/\/www.mtexpo.com.br\/es\/#website","url":"https:\/\/www.mtexpo.com.br\/es\/","name":"M&T Expo","description":"Part of bauma NETWORK","publisher":{"@id":"https:\/\/www.mtexpo.com.br\/es\/#organization"},"alternateName":"M&T Expo","potentialAction":[{"@type":"SearchAction","target":{"@type":"EntryPoint","urlTemplate":"https:\/\/www.mtexpo.com.br\/es\/?s={search_term_string}"},"query-input":"required name=search_term_string"}],"inLanguage":"es-ES"},{"@type":"Organization","@id":"https:\/\/www.mtexpo.com.br\/es\/#organization","name":"M&T Expo","alternateName":"M&T Expo","url":"https:\/\/www.mtexpo.com.br\/es\/","logo":{"@type":"ImageObject","inLanguage":"es-ES","@id":"https:\/\/www.mtexpo.com.br\/es\/#\/schema\/logo\/image\/","url":"https:\/\/www.mtexpo.com.br\/es\/wp-content\/uploads\/sites\/3\/2022\/12\/logo-MT-expo.svg","contentUrl":"https:\/\/www.mtexpo.com.br\/es\/wp-content\/uploads\/sites\/3\/2022\/12\/logo-MT-expo.svg","width":350,"height":70,"caption":"M&T Expo"},"image":{"@id":"https:\/\/www.mtexpo.com.br\/es\/#\/schema\/logo\/image\/"},"sameAs":["https:\/\/www.facebook.com\/feiramtexpo\/","https:\/\/www.youtube.com\/c\/mtexpofeira","https:\/\/www.instagram.com\/feiramtexpo\/"]},{"@type":"Person","@id":"https:\/\/www.mtexpo.com.br\/es\/#\/schema\/person\/fcebfd57a4ed565185e7a10de9edafda","name":"wallacebruno","image":{"@type":"ImageObject","inLanguage":"es-ES","@id":"https:\/\/www.mtexpo.com.br\/es\/#\/schema\/person\/image\/","url":"https:\/\/secure.gravatar.com\/avatar\/38ff1c9a1b8b21c97a755a11b05186e8?s=96&d=mm&r=g","contentUrl":"https:\/\/secure.gravatar.com\/avatar\/38ff1c9a1b8b21c97a755a11b05186e8?s=96&d=mm&r=g","caption":"wallacebruno"},"url":"https:\/\/www.mtexpo.com.br\/es\/author\/wallacebruno\/"}]}},"_links":{"self":[{"href":"https:\/\/www.mtexpo.com.br\/es\/wp-json\/wp\/v2\/posts\/1008"}],"collection":[{"href":"https:\/\/www.mtexpo.com.br\/es\/wp-json\/wp\/v2\/posts"}],"about":[{"href":"https:\/\/www.mtexpo.com.br\/es\/wp-json\/wp\/v2\/types\/post"}],"author":[{"embeddable":true,"href":"https:\/\/www.mtexpo.com.br\/es\/wp-json\/wp\/v2\/users\/10"}],"replies":[{"embeddable":true,"href":"https:\/\/www.mtexpo.com.br\/es\/wp-json\/wp\/v2\/comments?post=1008"}],"version-history":[{"count":3,"href":"https:\/\/www.mtexpo.com.br\/es\/wp-json\/wp\/v2\/posts\/1008\/revisions"}],"predecessor-version":[{"id":1038,"href":"https:\/\/www.mtexpo.com.br\/es\/wp-json\/wp\/v2\/posts\/1008\/revisions\/1038"}],"wp:featuredmedia":[{"embeddable":true,"href":"https:\/\/www.mtexpo.com.br\/es\/wp-json\/wp\/v2\/media\/1009"}],"wp:attachment":[{"href":"https:\/\/www.mtexpo.com.br\/es\/wp-json\/wp\/v2\/media?parent=1008"}],"wp:term":[{"taxonomy":"category","embeddable":true,"href":"https:\/\/www.mtexpo.com.br\/es\/wp-json\/wp\/v2\/categories?post=1008"},{"taxonomy":"post_tag","embeddable":true,"href":"https:\/\/www.mtexpo.com.br\/es\/wp-json\/wp\/v2\/tags?post=1008"}],"curies":[{"name":"wp","href":"https:\/\/api.w.org\/{rel}","templated":true}]}}