{"id":1016,"date":"2023-08-17T10:48:00","date_gmt":"2023-08-17T13:48:00","guid":{"rendered":"https:\/\/www.mtexpo.com.br\/es\/?p=1016"},"modified":"2023-08-23T16:39:03","modified_gmt":"2023-08-23T19:39:03","slug":"las-ventas-de-plataformas-y-manipuladores-se-disparan-en-2023","status":"publish","type":"post","link":"https:\/\/www.mtexpo.com.br\/es\/2023\/08\/17\/las-ventas-de-plataformas-y-manipuladores-se-disparan-en-2023\/","title":{"rendered":"<strong>Las ventas de plataformas y manipuladores se disparan en 2023<\/strong>"},"content":{"rendered":"\n<p><em>Seg\u00fan estimaciones del estudio de mercado de Sobratema, las ventas de plataformas aumentar\u00e1n en un 33%, con 5980 unidades vendidas; Los manipuladores telesc\u00f3picos dieron un salto de 340% con 440 unidades vendidas<\/em><\/p>\n\n\n\n<p>El cuidado con las normas de seguridad sumado a las buenas perspectivas de crecimiento de la construcci\u00f3n civil para este a\u00f1o ha estimulado la demanda de algunos tipos de m\u00e1quinas. Los equipos de elevaci\u00f3n de carga, as\u00ed como las plataformas elevadoras y manipuladores telesc\u00f3picos, son buenos ejemplos de ello. De acuerdo con estimaciones del Estudio Sobratema del Mercado Brasile\u00f1o de Equipos para Construcci\u00f3n, habr\u00e1 un crecimiento del 33% en la comercializaci\u00f3n de plataformas este a\u00f1o, con 5980 unidades vendidas.<\/p>\n\n\n\n<p>Adem\u00e1s de servir de par\u00e1metro para evaluar los \u00e1nimos del mercado, las plataformas elevadoras tambi\u00e9n son term\u00f3metro para analizar el apetito por inversiones de empresas de alquiler, ya que \u00e9stas son responsables por comprar del 90% al 95% de las plataformas, gr\u00faas y plumas de construcci\u00f3n suministradas al mercado.<\/p>\n\n\n\n<p>Para los manipuladores telesc\u00f3picos, la previsi\u00f3n para este a\u00f1o es la comercializaci\u00f3n de 440 unidades, un salto incre\u00edble del 340% respecto a las 100 unidades vendidas el a\u00f1o pasado. Para gr\u00faas, la perspectiva del estudio es que las ventas se mantengan en el nivel alcanzado el a\u00f1o pasado, de 237 unidades, ante las 157 gr\u00faas vendidas en 2021.<\/p>\n\n\n\n<p>En el otro extremo, estas ventas son impulsadas por el auge de la actividad de la construcci\u00f3n y por una preocupaci\u00f3n cada vez m\u00e1s acentuada con las cuestiones de seguridad en las obras. Seg\u00fan el Bolet\u00edn de la C\u00e1mara Brasile\u00f1a de la Industria de la Construcci\u00f3n (CBIC), la industria de la construcci\u00f3n prev\u00e9 un crecimiento del 2,5% para 2023, una proyecci\u00f3n que considera una evoluci\u00f3n del mercado consistente en los dos \u00faltimos a\u00f1os, adem\u00e1s de evaluar el ciclo econ\u00f3mico del mercado inmobiliario que est\u00e1 en marcha y, seg\u00fan el bolet\u00edn, una s\u00f3lida demanda habitacional.<\/p>\n\n\n\n<p>Por su parte, la Confederaci\u00f3n Nacional de Industria inform\u00f3 recientemente de que el \u00edndice de intenci\u00f3n de inversi\u00f3n del sector de la construcci\u00f3n subi\u00f3 5,6 puntos entre abril y mayo. Las cifras revelan la resiliencia del sector, que ha revertido una fuerte ca\u00edda y ahora desborda optimismo para el segundo semestre de 2023. Ahora, con la ca\u00edda de las tasas de inter\u00e9s, la sensaci\u00f3n de confianza tiende a crecer entre los inversores y los consumidores.<\/p>\n\n\n\n<p>Por: Santelmo Camilo<\/p>\n","protected":false},"excerpt":{"rendered":"<p>El cuidado con las normas de seguridad sumado a las buenas perspectivas de crecimiento de la construcci\u00f3n civil para este a\u00f1o ha&#8230;<\/p>\n","protected":false},"author":10,"featured_media":1017,"comment_status":"open","ping_status":"open","sticky":false,"template":"","format":"standard","meta":[],"categories":[16],"tags":[],"acf":[],"yoast_head":"<!-- This site is optimized with the Yoast SEO plugin v20.8 - https:\/\/yoast.com\/wordpress\/plugins\/seo\/ -->\n<title>Las ventas de plataformas y manipuladores se disparan en 2023 | M&amp;T Expo<\/title>\n<meta name=\"description\" content=\"El cuidado con las normas de seguridad sumado a las buenas perspectivas de crecimiento de la construcci\u00f3n civil para este a\u00f1o ha...\" \/>\n<meta name=\"robots\" content=\"index, follow, max-snippet:-1, max-image-preview:large, max-video-preview:-1\" \/>\n<link rel=\"canonical\" href=\"https:\/\/www.mtexpo.com.br\/es\/2023\/08\/17\/las-ventas-de-plataformas-y-manipuladores-se-disparan-en-2023\/\" \/>\n<meta property=\"og:locale\" content=\"es_ES\" \/>\n<meta property=\"og:type\" content=\"article\" \/>\n<meta property=\"og:title\" content=\"Las ventas de plataformas y manipuladores se disparan en 2023 | M&amp;T Expo\" \/>\n<meta property=\"og:description\" content=\"El cuidado con las normas de seguridad sumado a las buenas perspectivas de crecimiento de la construcci\u00f3n civil para este a\u00f1o ha...\" \/>\n<meta property=\"og:url\" content=\"https:\/\/www.mtexpo.com.br\/es\/2023\/08\/17\/las-ventas-de-plataformas-y-manipuladores-se-disparan-en-2023\/\" \/>\n<meta property=\"og:site_name\" content=\"M&amp;T Expo - ES\" \/>\n<meta property=\"article:publisher\" content=\"https:\/\/www.facebook.com\/feiramtexpo\/\" \/>\n<meta property=\"article:published_time\" content=\"2023-08-17T13:48:00+00:00\" \/>\n<meta property=\"article:modified_time\" content=\"2023-08-23T19:39:03+00:00\" \/>\n<meta property=\"og:image\" content=\"https:\/\/www.mtexpo.com.br\/es\/wp-content\/uploads\/sites\/3\/2023\/08\/MicrosoftTeams-image-14-scaled.jpg\" \/>\n\t<meta property=\"og:image:width\" content=\"2560\" \/>\n\t<meta property=\"og:image:height\" content=\"1380\" \/>\n\t<meta property=\"og:image:type\" content=\"image\/jpeg\" \/>\n<meta name=\"author\" content=\"wallacebruno\" \/>\n<meta name=\"twitter:card\" content=\"summary_large_image\" \/>\n<meta name=\"twitter:label1\" content=\"Written by\" \/>\n\t<meta name=\"twitter:data1\" content=\"wallacebruno\" \/>\n\t<meta name=\"twitter:label2\" content=\"Est. reading time\" \/>\n\t<meta name=\"twitter:data2\" content=\"2 minutes\" \/>\n<script type=\"application\/ld+json\" class=\"yoast-schema-graph\">{\"@context\":\"https:\/\/schema.org\",\"@graph\":[{\"@type\":\"Article\",\"@id\":\"https:\/\/www.mtexpo.com.br\/es\/2023\/08\/17\/las-ventas-de-plataformas-y-manipuladores-se-disparan-en-2023\/#article\",\"isPartOf\":{\"@id\":\"https:\/\/www.mtexpo.com.br\/es\/2023\/08\/17\/las-ventas-de-plataformas-y-manipuladores-se-disparan-en-2023\/\"},\"author\":{\"name\":\"wallacebruno\",\"@id\":\"https:\/\/www.mtexpo.com.br\/es\/#\/schema\/person\/fcebfd57a4ed565185e7a10de9edafda\"},\"headline\":\"Las ventas de plataformas y manipuladores se disparan en 2023\",\"datePublished\":\"2023-08-17T13:48:00+00:00\",\"dateModified\":\"2023-08-23T19:39:03+00:00\",\"mainEntityOfPage\":{\"@id\":\"https:\/\/www.mtexpo.com.br\/es\/2023\/08\/17\/las-ventas-de-plataformas-y-manipuladores-se-disparan-en-2023\/\"},\"wordCount\":433,\"commentCount\":0,\"publisher\":{\"@id\":\"https:\/\/www.mtexpo.com.br\/es\/#organization\"},\"articleSection\":[\"Elevaci\u00f3n de cargas y personas\"],\"inLanguage\":\"es-ES\",\"potentialAction\":[{\"@type\":\"CommentAction\",\"name\":\"Comment\",\"target\":[\"https:\/\/www.mtexpo.com.br\/es\/2023\/08\/17\/las-ventas-de-plataformas-y-manipuladores-se-disparan-en-2023\/#respond\"]}]},{\"@type\":\"WebPage\",\"@id\":\"https:\/\/www.mtexpo.com.br\/es\/2023\/08\/17\/las-ventas-de-plataformas-y-manipuladores-se-disparan-en-2023\/\",\"url\":\"https:\/\/www.mtexpo.com.br\/es\/2023\/08\/17\/las-ventas-de-plataformas-y-manipuladores-se-disparan-en-2023\/\",\"name\":\"Las ventas de plataformas y manipuladores se disparan en 2023 | M&T Expo\",\"isPartOf\":{\"@id\":\"https:\/\/www.mtexpo.com.br\/es\/#website\"},\"datePublished\":\"2023-08-17T13:48:00+00:00\",\"dateModified\":\"2023-08-23T19:39:03+00:00\",\"description\":\"El cuidado con las normas de seguridad sumado a las buenas perspectivas de crecimiento de la construcci\u00f3n civil para este a\u00f1o ha...\",\"breadcrumb\":{\"@id\":\"https:\/\/www.mtexpo.com.br\/es\/2023\/08\/17\/las-ventas-de-plataformas-y-manipuladores-se-disparan-en-2023\/#breadcrumb\"},\"inLanguage\":\"es-ES\",\"potentialAction\":[{\"@type\":\"ReadAction\",\"target\":[\"https:\/\/www.mtexpo.com.br\/es\/2023\/08\/17\/las-ventas-de-plataformas-y-manipuladores-se-disparan-en-2023\/\"]}]},{\"@type\":\"BreadcrumbList\",\"@id\":\"https:\/\/www.mtexpo.com.br\/es\/2023\/08\/17\/las-ventas-de-plataformas-y-manipuladores-se-disparan-en-2023\/#breadcrumb\",\"itemListElement\":[{\"@type\":\"ListItem\",\"position\":1,\"name\":\"In\u00edcio\",\"item\":\"https:\/\/www.mtexpo.com.br\/es\/\"},{\"@type\":\"ListItem\",\"position\":2,\"name\":\"Las ventas de plataformas y manipuladores se disparan en 2023\"}]},{\"@type\":\"WebSite\",\"@id\":\"https:\/\/www.mtexpo.com.br\/es\/#website\",\"url\":\"https:\/\/www.mtexpo.com.br\/es\/\",\"name\":\"M&T Expo\",\"description\":\"Part of bauma NETWORK\",\"publisher\":{\"@id\":\"https:\/\/www.mtexpo.com.br\/es\/#organization\"},\"alternateName\":\"M&T Expo\",\"potentialAction\":[{\"@type\":\"SearchAction\",\"target\":{\"@type\":\"EntryPoint\",\"urlTemplate\":\"https:\/\/www.mtexpo.com.br\/es\/?s={search_term_string}\"},\"query-input\":\"required name=search_term_string\"}],\"inLanguage\":\"es-ES\"},{\"@type\":\"Organization\",\"@id\":\"https:\/\/www.mtexpo.com.br\/es\/#organization\",\"name\":\"M&T Expo\",\"alternateName\":\"M&T Expo\",\"url\":\"https:\/\/www.mtexpo.com.br\/es\/\",\"logo\":{\"@type\":\"ImageObject\",\"inLanguage\":\"es-ES\",\"@id\":\"https:\/\/www.mtexpo.com.br\/es\/#\/schema\/logo\/image\/\",\"url\":\"https:\/\/www.mtexpo.com.br\/es\/wp-content\/uploads\/sites\/3\/2022\/12\/logo-MT-expo.svg\",\"contentUrl\":\"https:\/\/www.mtexpo.com.br\/es\/wp-content\/uploads\/sites\/3\/2022\/12\/logo-MT-expo.svg\",\"width\":350,\"height\":70,\"caption\":\"M&T Expo\"},\"image\":{\"@id\":\"https:\/\/www.mtexpo.com.br\/es\/#\/schema\/logo\/image\/\"},\"sameAs\":[\"https:\/\/www.facebook.com\/feiramtexpo\/\",\"https:\/\/www.youtube.com\/c\/mtexpofeira\",\"https:\/\/www.instagram.com\/feiramtexpo\/\"]},{\"@type\":\"Person\",\"@id\":\"https:\/\/www.mtexpo.com.br\/es\/#\/schema\/person\/fcebfd57a4ed565185e7a10de9edafda\",\"name\":\"wallacebruno\",\"image\":{\"@type\":\"ImageObject\",\"inLanguage\":\"es-ES\",\"@id\":\"https:\/\/www.mtexpo.com.br\/es\/#\/schema\/person\/image\/\",\"url\":\"https:\/\/secure.gravatar.com\/avatar\/38ff1c9a1b8b21c97a755a11b05186e8?s=96&d=mm&r=g\",\"contentUrl\":\"https:\/\/secure.gravatar.com\/avatar\/38ff1c9a1b8b21c97a755a11b05186e8?s=96&d=mm&r=g\",\"caption\":\"wallacebruno\"},\"url\":\"https:\/\/www.mtexpo.com.br\/es\/author\/wallacebruno\/\"}]}<\/script>\n<!-- \/ Yoast SEO plugin. -->","yoast_head_json":{"title":"Las ventas de plataformas y manipuladores se disparan en 2023 | M&T Expo","description":"El cuidado con las normas de seguridad sumado a las buenas perspectivas de crecimiento de la construcci\u00f3n civil para este a\u00f1o ha...","robots":{"index":"index","follow":"follow","max-snippet":"max-snippet:-1","max-image-preview":"max-image-preview:large","max-video-preview":"max-video-preview:-1"},"canonical":"https:\/\/www.mtexpo.com.br\/es\/2023\/08\/17\/las-ventas-de-plataformas-y-manipuladores-se-disparan-en-2023\/","og_locale":"es_ES","og_type":"article","og_title":"Las ventas de plataformas y manipuladores se disparan en 2023 | M&T Expo","og_description":"El cuidado con las normas de seguridad sumado a las buenas perspectivas de crecimiento de la construcci\u00f3n civil para este a\u00f1o ha...","og_url":"https:\/\/www.mtexpo.com.br\/es\/2023\/08\/17\/las-ventas-de-plataformas-y-manipuladores-se-disparan-en-2023\/","og_site_name":"M&amp;T Expo - ES","article_publisher":"https:\/\/www.facebook.com\/feiramtexpo\/","article_published_time":"2023-08-17T13:48:00+00:00","article_modified_time":"2023-08-23T19:39:03+00:00","og_image":[{"width":2560,"height":1380,"url":"https:\/\/www.mtexpo.com.br\/es\/wp-content\/uploads\/sites\/3\/2023\/08\/MicrosoftTeams-image-14-scaled.jpg","type":"image\/jpeg"}],"author":"wallacebruno","twitter_card":"summary_large_image","twitter_misc":{"Written by":"wallacebruno","Est. reading time":"2 minutes"},"schema":{"@context":"https:\/\/schema.org","@graph":[{"@type":"Article","@id":"https:\/\/www.mtexpo.com.br\/es\/2023\/08\/17\/las-ventas-de-plataformas-y-manipuladores-se-disparan-en-2023\/#article","isPartOf":{"@id":"https:\/\/www.mtexpo.com.br\/es\/2023\/08\/17\/las-ventas-de-plataformas-y-manipuladores-se-disparan-en-2023\/"},"author":{"name":"wallacebruno","@id":"https:\/\/www.mtexpo.com.br\/es\/#\/schema\/person\/fcebfd57a4ed565185e7a10de9edafda"},"headline":"Las ventas de plataformas y manipuladores se disparan en 2023","datePublished":"2023-08-17T13:48:00+00:00","dateModified":"2023-08-23T19:39:03+00:00","mainEntityOfPage":{"@id":"https:\/\/www.mtexpo.com.br\/es\/2023\/08\/17\/las-ventas-de-plataformas-y-manipuladores-se-disparan-en-2023\/"},"wordCount":433,"commentCount":0,"publisher":{"@id":"https:\/\/www.mtexpo.com.br\/es\/#organization"},"articleSection":["Elevaci\u00f3n de cargas y personas"],"inLanguage":"es-ES","potentialAction":[{"@type":"CommentAction","name":"Comment","target":["https:\/\/www.mtexpo.com.br\/es\/2023\/08\/17\/las-ventas-de-plataformas-y-manipuladores-se-disparan-en-2023\/#respond"]}]},{"@type":"WebPage","@id":"https:\/\/www.mtexpo.com.br\/es\/2023\/08\/17\/las-ventas-de-plataformas-y-manipuladores-se-disparan-en-2023\/","url":"https:\/\/www.mtexpo.com.br\/es\/2023\/08\/17\/las-ventas-de-plataformas-y-manipuladores-se-disparan-en-2023\/","name":"Las ventas de plataformas y manipuladores se disparan en 2023 | M&T Expo","isPartOf":{"@id":"https:\/\/www.mtexpo.com.br\/es\/#website"},"datePublished":"2023-08-17T13:48:00+00:00","dateModified":"2023-08-23T19:39:03+00:00","description":"El cuidado con las normas de seguridad sumado a las buenas perspectivas de crecimiento de la construcci\u00f3n civil para este a\u00f1o ha...","breadcrumb":{"@id":"https:\/\/www.mtexpo.com.br\/es\/2023\/08\/17\/las-ventas-de-plataformas-y-manipuladores-se-disparan-en-2023\/#breadcrumb"},"inLanguage":"es-ES","potentialAction":[{"@type":"ReadAction","target":["https:\/\/www.mtexpo.com.br\/es\/2023\/08\/17\/las-ventas-de-plataformas-y-manipuladores-se-disparan-en-2023\/"]}]},{"@type":"BreadcrumbList","@id":"https:\/\/www.mtexpo.com.br\/es\/2023\/08\/17\/las-ventas-de-plataformas-y-manipuladores-se-disparan-en-2023\/#breadcrumb","itemListElement":[{"@type":"ListItem","position":1,"name":"In\u00edcio","item":"https:\/\/www.mtexpo.com.br\/es\/"},{"@type":"ListItem","position":2,"name":"Las ventas de plataformas y manipuladores se disparan en 2023"}]},{"@type":"WebSite","@id":"https:\/\/www.mtexpo.com.br\/es\/#website","url":"https:\/\/www.mtexpo.com.br\/es\/","name":"M&T Expo","description":"Part of bauma NETWORK","publisher":{"@id":"https:\/\/www.mtexpo.com.br\/es\/#organization"},"alternateName":"M&T Expo","potentialAction":[{"@type":"SearchAction","target":{"@type":"EntryPoint","urlTemplate":"https:\/\/www.mtexpo.com.br\/es\/?s={search_term_string}"},"query-input":"required name=search_term_string"}],"inLanguage":"es-ES"},{"@type":"Organization","@id":"https:\/\/www.mtexpo.com.br\/es\/#organization","name":"M&T Expo","alternateName":"M&T Expo","url":"https:\/\/www.mtexpo.com.br\/es\/","logo":{"@type":"ImageObject","inLanguage":"es-ES","@id":"https:\/\/www.mtexpo.com.br\/es\/#\/schema\/logo\/image\/","url":"https:\/\/www.mtexpo.com.br\/es\/wp-content\/uploads\/sites\/3\/2022\/12\/logo-MT-expo.svg","contentUrl":"https:\/\/www.mtexpo.com.br\/es\/wp-content\/uploads\/sites\/3\/2022\/12\/logo-MT-expo.svg","width":350,"height":70,"caption":"M&T Expo"},"image":{"@id":"https:\/\/www.mtexpo.com.br\/es\/#\/schema\/logo\/image\/"},"sameAs":["https:\/\/www.facebook.com\/feiramtexpo\/","https:\/\/www.youtube.com\/c\/mtexpofeira","https:\/\/www.instagram.com\/feiramtexpo\/"]},{"@type":"Person","@id":"https:\/\/www.mtexpo.com.br\/es\/#\/schema\/person\/fcebfd57a4ed565185e7a10de9edafda","name":"wallacebruno","image":{"@type":"ImageObject","inLanguage":"es-ES","@id":"https:\/\/www.mtexpo.com.br\/es\/#\/schema\/person\/image\/","url":"https:\/\/secure.gravatar.com\/avatar\/38ff1c9a1b8b21c97a755a11b05186e8?s=96&d=mm&r=g","contentUrl":"https:\/\/secure.gravatar.com\/avatar\/38ff1c9a1b8b21c97a755a11b05186e8?s=96&d=mm&r=g","caption":"wallacebruno"},"url":"https:\/\/www.mtexpo.com.br\/es\/author\/wallacebruno\/"}]}},"_links":{"self":[{"href":"https:\/\/www.mtexpo.com.br\/es\/wp-json\/wp\/v2\/posts\/1016"}],"collection":[{"href":"https:\/\/www.mtexpo.com.br\/es\/wp-json\/wp\/v2\/posts"}],"about":[{"href":"https:\/\/www.mtexpo.com.br\/es\/wp-json\/wp\/v2\/types\/post"}],"author":[{"embeddable":true,"href":"https:\/\/www.mtexpo.com.br\/es\/wp-json\/wp\/v2\/users\/10"}],"replies":[{"embeddable":true,"href":"https:\/\/www.mtexpo.com.br\/es\/wp-json\/wp\/v2\/comments?post=1016"}],"version-history":[{"count":2,"href":"https:\/\/www.mtexpo.com.br\/es\/wp-json\/wp\/v2\/posts\/1016\/revisions"}],"predecessor-version":[{"id":1019,"href":"https:\/\/www.mtexpo.com.br\/es\/wp-json\/wp\/v2\/posts\/1016\/revisions\/1019"}],"wp:featuredmedia":[{"embeddable":true,"href":"https:\/\/www.mtexpo.com.br\/es\/wp-json\/wp\/v2\/media\/1017"}],"wp:attachment":[{"href":"https:\/\/www.mtexpo.com.br\/es\/wp-json\/wp\/v2\/media?parent=1016"}],"wp:term":[{"taxonomy":"category","embeddable":true,"href":"https:\/\/www.mtexpo.com.br\/es\/wp-json\/wp\/v2\/categories?post=1016"},{"taxonomy":"post_tag","embeddable":true,"href":"https:\/\/www.mtexpo.com.br\/es\/wp-json\/wp\/v2\/tags?post=1016"}],"curies":[{"name":"wp","href":"https:\/\/api.w.org\/{rel}","templated":true}]}}