{"id":386,"date":"2023-02-23T20:37:38","date_gmt":"2023-02-23T23:37:38","guid":{"rendered":"https:\/\/www.mtexpo.com.br\/es\/?p=386"},"modified":"2023-02-23T20:37:39","modified_gmt":"2023-02-23T23:37:39","slug":"construccion-de-la-ciudad-de-samba-2-debe-iniciar-este-ano-en-rj","status":"publish","type":"post","link":"https:\/\/www.mtexpo.com.br\/es\/2023\/02\/23\/construccion-de-la-ciudad-de-samba-2-debe-iniciar-este-ano-en-rj\/","title":{"rendered":"<strong>Construcci\u00f3n de la Ciudad de Samba 2 debe iniciar este a\u00f1o, en RJ<\/strong>\u00a0"},"content":{"rendered":"\n<p><em>De acuerdo con el alcalde Eduardo Paes, el terreno est\u00e1 en fase de evaluaci\u00f3n para que se construyan los \u00abbarrac\u00f5es\u00bb galpones<\/em>&nbsp;<\/p>\n\n\n\n<p>El mercado de la construcci\u00f3n tiene perspectivas de obras en el sector carnavalesco de R\u00edo de Janeiro. El alcalde Eduardo Paes anunci\u00f3 recientemente la pretensi\u00f3n de iniciar en 2023 la construcci\u00f3n de los galpones de la Ciudad de Samba 2, para las escuelas del Grupo de Acceso que desfilan en la Serie Oro.&nbsp;<\/p>\n\n\n\n<p>De acuerdo con la municipalidad, el terreno est\u00e1 en fase de evaluaci\u00f3n, probablemente en la localidad del futuro terminal Gentileza, pr\u00f3ximo al Gas\u00f3metro, en la capital Fluminense. Ser\u00e1n necesarios catorce galpones, pero s\u00f3lo hay capacidad para diez, por lo que la administraci\u00f3n p\u00fablica est\u00e1 evaluando qu\u00e9 es posible expropiar para construir estos espacios.&nbsp;&nbsp;<\/p>\n\n\n\n<p>Durante una entrevista con Radio Globo, Eduardo Paes dijo que es necesario encontrar r\u00e1pidamente un lugar para las escuelas del Grupo de Acceso en R\u00edo de Janeiro. La idea es iniciar la obra este a\u00f1o.&nbsp;<\/p>\n\n\n\n<p>El presidente de Riotur, Sr. Ronnie Aguiar, tambi\u00e9n adelant\u00f3 algunas informaciones sobre la construcci\u00f3n de la Ciudad de Samba 2, reiterando que se trata de un compromiso antiguo. Seg\u00fan el Sr. Aguiar, las negociaciones est\u00e1n bien avanzadas para el terreno en la Zona Portuaria, San Crist\u00f3bal, regi\u00f3n que va a beneficiar y ayudar a las escuelas del Grupo de Acceso.&nbsp;<\/p>\n\n\n\n<p>Esas agremiaciones actualmente est\u00e1n abandonadas en la Zona Portuaria de R\u00edo de Janeiro, sin estructura adecuada para mantenerse. El Grupo de Acceso, llamado Serie Oro, es comandado por la Liga-RJ y formado por 15 escuelas de samba, que desfilan el viernes y s\u00e1bado de carnaval en el samb\u00f3dromo \u00abMarqu\u00e9s de Sapuca\u00ed\u00bb.&nbsp;<\/p>\n\n\n\n<p><strong>Obras de mantenimiento y revitalizaci\u00f3n\u00a0<\/strong><\/p>\n\n\n\n<p>El pasado s\u00e1bado 11, la ministra de turismo, Sra. Daniela Carneiro, visit\u00f3 el complejo de producci\u00f3n de alegor\u00edas y disfraces de las escuelas del Grupo Especial, en R\u00edo de Janeiro. En esa oportunidad, la Sra. Daniela recibi\u00f3 un proyecto que demanda inversiones del gobierno federal para obras de mantenimiento y revitalizaci\u00f3n de la Ciudad de Samba.&nbsp;<\/p>\n\n\n\n<p>El documento fue entregado por el presidente de la Liga Independiente de Escuelas de Samba (LIESA), Sr. Jorge Perlingeiro, quien explic\u00f3 a la ministra que la solicitud de la entidad va mucho m\u00e1s all\u00e1 de las obras. El objetivo principal es transformar la Ciudad de Samba en una tarjeta de visita para los turistas que vienen a R\u00edo de Janeiro en cualquier \u00e9poca del a\u00f1o.&nbsp;&nbsp;<\/p>\n\n\n\n<p>De acuerdo con el proyecto, puede ser creado un corredor con diversos atractivos, con inicio en la Plaza Mau\u00e1, con los Museos do Amanh\u00e3 (del Ma\u00f1ana) y de Arte de R\u00edo de Janeiro. Luego viene el Muelle de Valongo (Cais do Valongo), pasando por el Corredor Ol\u00edmpico, con el AquaRio y Yupstar, la Rueda gigante, y finalmente, con la visita a los barrac\u00f5es (Galpones), show de samba y gastronom\u00eda carioca, en la Ciudad de Samba (Cidade do samba).&nbsp;<\/p>\n","protected":false},"excerpt":{"rendered":"","protected":false},"author":7,"featured_media":387,"comment_status":"open","ping_status":"open","sticky":false,"template":"","format":"standard","meta":[],"categories":[12],"tags":[],"acf":[],"yoast_head":"<!-- This site is optimized with the Yoast SEO plugin v20.8 - https:\/\/yoast.com\/wordpress\/plugins\/seo\/ -->\n<title>Construcci\u00f3n de la Ciudad de Samba 2 debe iniciar este a\u00f1o, en RJ\u00a0 | M&amp;T Expo<\/title>\n<meta name=\"robots\" content=\"index, follow, max-snippet:-1, max-image-preview:large, max-video-preview:-1\" \/>\n<link rel=\"canonical\" href=\"https:\/\/www.mtexpo.com.br\/es\/2023\/02\/23\/construccion-de-la-ciudad-de-samba-2-debe-iniciar-este-ano-en-rj\/\" \/>\n<meta property=\"og:locale\" content=\"es_ES\" \/>\n<meta property=\"og:type\" content=\"article\" \/>\n<meta property=\"og:title\" content=\"Construcci\u00f3n de la Ciudad de Samba 2 debe iniciar este a\u00f1o, en RJ\u00a0 | M&amp;T Expo\" \/>\n<meta property=\"og:url\" content=\"https:\/\/www.mtexpo.com.br\/es\/2023\/02\/23\/construccion-de-la-ciudad-de-samba-2-debe-iniciar-este-ano-en-rj\/\" \/>\n<meta property=\"og:site_name\" content=\"M&amp;T Expo - ES\" \/>\n<meta property=\"article:publisher\" content=\"https:\/\/www.facebook.com\/feiramtexpo\/\" \/>\n<meta property=\"article:published_time\" content=\"2023-02-23T23:37:38+00:00\" \/>\n<meta property=\"article:modified_time\" content=\"2023-02-23T23:37:39+00:00\" \/>\n<meta property=\"og:image\" content=\"https:\/\/www.mtexpo.com.br\/es\/wp-content\/uploads\/sites\/3\/2023\/02\/Design-sem-nome-7.jpg\" \/>\n\t<meta property=\"og:image:width\" content=\"1920\" \/>\n\t<meta property=\"og:image:height\" content=\"1306\" \/>\n\t<meta property=\"og:image:type\" content=\"image\/jpeg\" \/>\n<meta name=\"author\" content=\"Yasmin Ribeiro\" \/>\n<meta name=\"twitter:card\" content=\"summary_large_image\" \/>\n<meta name=\"twitter:label1\" content=\"Written by\" \/>\n\t<meta name=\"twitter:data1\" content=\"Yasmin Ribeiro\" \/>\n\t<meta name=\"twitter:label2\" content=\"Est. reading time\" \/>\n\t<meta name=\"twitter:data2\" content=\"3 minutes\" \/>\n<script type=\"application\/ld+json\" class=\"yoast-schema-graph\">{\"@context\":\"https:\/\/schema.org\",\"@graph\":[{\"@type\":\"Article\",\"@id\":\"https:\/\/www.mtexpo.com.br\/es\/2023\/02\/23\/construccion-de-la-ciudad-de-samba-2-debe-iniciar-este-ano-en-rj\/#article\",\"isPartOf\":{\"@id\":\"https:\/\/www.mtexpo.com.br\/es\/2023\/02\/23\/construccion-de-la-ciudad-de-samba-2-debe-iniciar-este-ano-en-rj\/\"},\"author\":{\"name\":\"Yasmin Ribeiro\",\"@id\":\"https:\/\/www.mtexpo.com.br\/es\/#\/schema\/person\/335d1f123b404f4eeee3c77d3eff4bfd\"},\"headline\":\"Construcci\u00f3n de la Ciudad de Samba 2 debe iniciar este a\u00f1o, en RJ\u00a0\",\"datePublished\":\"2023-02-23T23:37:38+00:00\",\"dateModified\":\"2023-02-23T23:37:39+00:00\",\"mainEntityOfPage\":{\"@id\":\"https:\/\/www.mtexpo.com.br\/es\/2023\/02\/23\/construccion-de-la-ciudad-de-samba-2-debe-iniciar-este-ano-en-rj\/\"},\"wordCount\":538,\"commentCount\":0,\"publisher\":{\"@id\":\"https:\/\/www.mtexpo.com.br\/es\/#organization\"},\"articleSection\":[\"Infraestructura\"],\"inLanguage\":\"es-ES\",\"potentialAction\":[{\"@type\":\"CommentAction\",\"name\":\"Comment\",\"target\":[\"https:\/\/www.mtexpo.com.br\/es\/2023\/02\/23\/construccion-de-la-ciudad-de-samba-2-debe-iniciar-este-ano-en-rj\/#respond\"]}]},{\"@type\":\"WebPage\",\"@id\":\"https:\/\/www.mtexpo.com.br\/es\/2023\/02\/23\/construccion-de-la-ciudad-de-samba-2-debe-iniciar-este-ano-en-rj\/\",\"url\":\"https:\/\/www.mtexpo.com.br\/es\/2023\/02\/23\/construccion-de-la-ciudad-de-samba-2-debe-iniciar-este-ano-en-rj\/\",\"name\":\"Construcci\u00f3n de la Ciudad de Samba 2 debe iniciar este a\u00f1o, en RJ\u00a0 | M&T Expo\",\"isPartOf\":{\"@id\":\"https:\/\/www.mtexpo.com.br\/es\/#website\"},\"datePublished\":\"2023-02-23T23:37:38+00:00\",\"dateModified\":\"2023-02-23T23:37:39+00:00\",\"breadcrumb\":{\"@id\":\"https:\/\/www.mtexpo.com.br\/es\/2023\/02\/23\/construccion-de-la-ciudad-de-samba-2-debe-iniciar-este-ano-en-rj\/#breadcrumb\"},\"inLanguage\":\"es-ES\",\"potentialAction\":[{\"@type\":\"ReadAction\",\"target\":[\"https:\/\/www.mtexpo.com.br\/es\/2023\/02\/23\/construccion-de-la-ciudad-de-samba-2-debe-iniciar-este-ano-en-rj\/\"]}]},{\"@type\":\"BreadcrumbList\",\"@id\":\"https:\/\/www.mtexpo.com.br\/es\/2023\/02\/23\/construccion-de-la-ciudad-de-samba-2-debe-iniciar-este-ano-en-rj\/#breadcrumb\",\"itemListElement\":[{\"@type\":\"ListItem\",\"position\":1,\"name\":\"In\u00edcio\",\"item\":\"https:\/\/www.mtexpo.com.br\/es\/\"},{\"@type\":\"ListItem\",\"position\":2,\"name\":\"Construcci\u00f3n de la Ciudad de Samba 2 debe iniciar este a\u00f1o, en RJ\u00a0\"}]},{\"@type\":\"WebSite\",\"@id\":\"https:\/\/www.mtexpo.com.br\/es\/#website\",\"url\":\"https:\/\/www.mtexpo.com.br\/es\/\",\"name\":\"M&T Expo\",\"description\":\"Part of bauma NETWORK\",\"publisher\":{\"@id\":\"https:\/\/www.mtexpo.com.br\/es\/#organization\"},\"alternateName\":\"M&T Expo\",\"potentialAction\":[{\"@type\":\"SearchAction\",\"target\":{\"@type\":\"EntryPoint\",\"urlTemplate\":\"https:\/\/www.mtexpo.com.br\/es\/?s={search_term_string}\"},\"query-input\":\"required name=search_term_string\"}],\"inLanguage\":\"es-ES\"},{\"@type\":\"Organization\",\"@id\":\"https:\/\/www.mtexpo.com.br\/es\/#organization\",\"name\":\"M&T Expo\",\"alternateName\":\"M&T Expo\",\"url\":\"https:\/\/www.mtexpo.com.br\/es\/\",\"logo\":{\"@type\":\"ImageObject\",\"inLanguage\":\"es-ES\",\"@id\":\"https:\/\/www.mtexpo.com.br\/es\/#\/schema\/logo\/image\/\",\"url\":\"https:\/\/www.mtexpo.com.br\/es\/wp-content\/uploads\/sites\/3\/2022\/12\/logo-MT-expo.svg\",\"contentUrl\":\"https:\/\/www.mtexpo.com.br\/es\/wp-content\/uploads\/sites\/3\/2022\/12\/logo-MT-expo.svg\",\"width\":350,\"height\":70,\"caption\":\"M&T Expo\"},\"image\":{\"@id\":\"https:\/\/www.mtexpo.com.br\/es\/#\/schema\/logo\/image\/\"},\"sameAs\":[\"https:\/\/www.facebook.com\/feiramtexpo\/\",\"https:\/\/www.youtube.com\/c\/mtexpofeira\",\"https:\/\/www.instagram.com\/feiramtexpo\/\"]},{\"@type\":\"Person\",\"@id\":\"https:\/\/www.mtexpo.com.br\/es\/#\/schema\/person\/335d1f123b404f4eeee3c77d3eff4bfd\",\"name\":\"Yasmin Ribeiro\",\"image\":{\"@type\":\"ImageObject\",\"inLanguage\":\"es-ES\",\"@id\":\"https:\/\/www.mtexpo.com.br\/es\/#\/schema\/person\/image\/\",\"url\":\"https:\/\/secure.gravatar.com\/avatar\/bf734aef4167ed7e812cf407c1f725c9?s=96&d=mm&r=g\",\"contentUrl\":\"https:\/\/secure.gravatar.com\/avatar\/bf734aef4167ed7e812cf407c1f725c9?s=96&d=mm&r=g\",\"caption\":\"Yasmin Ribeiro\"},\"url\":\"https:\/\/www.mtexpo.com.br\/es\/author\/thiagobento\/\"}]}<\/script>\n<!-- \/ Yoast SEO plugin. -->","yoast_head_json":{"title":"Construcci\u00f3n de la Ciudad de Samba 2 debe iniciar este a\u00f1o, en RJ\u00a0 | M&T Expo","robots":{"index":"index","follow":"follow","max-snippet":"max-snippet:-1","max-image-preview":"max-image-preview:large","max-video-preview":"max-video-preview:-1"},"canonical":"https:\/\/www.mtexpo.com.br\/es\/2023\/02\/23\/construccion-de-la-ciudad-de-samba-2-debe-iniciar-este-ano-en-rj\/","og_locale":"es_ES","og_type":"article","og_title":"Construcci\u00f3n de la Ciudad de Samba 2 debe iniciar este a\u00f1o, en RJ\u00a0 | M&T Expo","og_url":"https:\/\/www.mtexpo.com.br\/es\/2023\/02\/23\/construccion-de-la-ciudad-de-samba-2-debe-iniciar-este-ano-en-rj\/","og_site_name":"M&amp;T Expo - ES","article_publisher":"https:\/\/www.facebook.com\/feiramtexpo\/","article_published_time":"2023-02-23T23:37:38+00:00","article_modified_time":"2023-02-23T23:37:39+00:00","og_image":[{"width":1920,"height":1306,"url":"https:\/\/www.mtexpo.com.br\/es\/wp-content\/uploads\/sites\/3\/2023\/02\/Design-sem-nome-7.jpg","type":"image\/jpeg"}],"author":"Yasmin Ribeiro","twitter_card":"summary_large_image","twitter_misc":{"Written by":"Yasmin Ribeiro","Est. reading time":"3 minutes"},"schema":{"@context":"https:\/\/schema.org","@graph":[{"@type":"Article","@id":"https:\/\/www.mtexpo.com.br\/es\/2023\/02\/23\/construccion-de-la-ciudad-de-samba-2-debe-iniciar-este-ano-en-rj\/#article","isPartOf":{"@id":"https:\/\/www.mtexpo.com.br\/es\/2023\/02\/23\/construccion-de-la-ciudad-de-samba-2-debe-iniciar-este-ano-en-rj\/"},"author":{"name":"Yasmin Ribeiro","@id":"https:\/\/www.mtexpo.com.br\/es\/#\/schema\/person\/335d1f123b404f4eeee3c77d3eff4bfd"},"headline":"Construcci\u00f3n de la Ciudad de Samba 2 debe iniciar este a\u00f1o, en RJ\u00a0","datePublished":"2023-02-23T23:37:38+00:00","dateModified":"2023-02-23T23:37:39+00:00","mainEntityOfPage":{"@id":"https:\/\/www.mtexpo.com.br\/es\/2023\/02\/23\/construccion-de-la-ciudad-de-samba-2-debe-iniciar-este-ano-en-rj\/"},"wordCount":538,"commentCount":0,"publisher":{"@id":"https:\/\/www.mtexpo.com.br\/es\/#organization"},"articleSection":["Infraestructura"],"inLanguage":"es-ES","potentialAction":[{"@type":"CommentAction","name":"Comment","target":["https:\/\/www.mtexpo.com.br\/es\/2023\/02\/23\/construccion-de-la-ciudad-de-samba-2-debe-iniciar-este-ano-en-rj\/#respond"]}]},{"@type":"WebPage","@id":"https:\/\/www.mtexpo.com.br\/es\/2023\/02\/23\/construccion-de-la-ciudad-de-samba-2-debe-iniciar-este-ano-en-rj\/","url":"https:\/\/www.mtexpo.com.br\/es\/2023\/02\/23\/construccion-de-la-ciudad-de-samba-2-debe-iniciar-este-ano-en-rj\/","name":"Construcci\u00f3n de la Ciudad de Samba 2 debe iniciar este a\u00f1o, en RJ\u00a0 | M&T Expo","isPartOf":{"@id":"https:\/\/www.mtexpo.com.br\/es\/#website"},"datePublished":"2023-02-23T23:37:38+00:00","dateModified":"2023-02-23T23:37:39+00:00","breadcrumb":{"@id":"https:\/\/www.mtexpo.com.br\/es\/2023\/02\/23\/construccion-de-la-ciudad-de-samba-2-debe-iniciar-este-ano-en-rj\/#breadcrumb"},"inLanguage":"es-ES","potentialAction":[{"@type":"ReadAction","target":["https:\/\/www.mtexpo.com.br\/es\/2023\/02\/23\/construccion-de-la-ciudad-de-samba-2-debe-iniciar-este-ano-en-rj\/"]}]},{"@type":"BreadcrumbList","@id":"https:\/\/www.mtexpo.com.br\/es\/2023\/02\/23\/construccion-de-la-ciudad-de-samba-2-debe-iniciar-este-ano-en-rj\/#breadcrumb","itemListElement":[{"@type":"ListItem","position":1,"name":"In\u00edcio","item":"https:\/\/www.mtexpo.com.br\/es\/"},{"@type":"ListItem","position":2,"name":"Construcci\u00f3n de la Ciudad de Samba 2 debe iniciar este a\u00f1o, en RJ\u00a0"}]},{"@type":"WebSite","@id":"https:\/\/www.mtexpo.com.br\/es\/#website","url":"https:\/\/www.mtexpo.com.br\/es\/","name":"M&T Expo","description":"Part of bauma NETWORK","publisher":{"@id":"https:\/\/www.mtexpo.com.br\/es\/#organization"},"alternateName":"M&T Expo","potentialAction":[{"@type":"SearchAction","target":{"@type":"EntryPoint","urlTemplate":"https:\/\/www.mtexpo.com.br\/es\/?s={search_term_string}"},"query-input":"required name=search_term_string"}],"inLanguage":"es-ES"},{"@type":"Organization","@id":"https:\/\/www.mtexpo.com.br\/es\/#organization","name":"M&T Expo","alternateName":"M&T Expo","url":"https:\/\/www.mtexpo.com.br\/es\/","logo":{"@type":"ImageObject","inLanguage":"es-ES","@id":"https:\/\/www.mtexpo.com.br\/es\/#\/schema\/logo\/image\/","url":"https:\/\/www.mtexpo.com.br\/es\/wp-content\/uploads\/sites\/3\/2022\/12\/logo-MT-expo.svg","contentUrl":"https:\/\/www.mtexpo.com.br\/es\/wp-content\/uploads\/sites\/3\/2022\/12\/logo-MT-expo.svg","width":350,"height":70,"caption":"M&T Expo"},"image":{"@id":"https:\/\/www.mtexpo.com.br\/es\/#\/schema\/logo\/image\/"},"sameAs":["https:\/\/www.facebook.com\/feiramtexpo\/","https:\/\/www.youtube.com\/c\/mtexpofeira","https:\/\/www.instagram.com\/feiramtexpo\/"]},{"@type":"Person","@id":"https:\/\/www.mtexpo.com.br\/es\/#\/schema\/person\/335d1f123b404f4eeee3c77d3eff4bfd","name":"Yasmin Ribeiro","image":{"@type":"ImageObject","inLanguage":"es-ES","@id":"https:\/\/www.mtexpo.com.br\/es\/#\/schema\/person\/image\/","url":"https:\/\/secure.gravatar.com\/avatar\/bf734aef4167ed7e812cf407c1f725c9?s=96&d=mm&r=g","contentUrl":"https:\/\/secure.gravatar.com\/avatar\/bf734aef4167ed7e812cf407c1f725c9?s=96&d=mm&r=g","caption":"Yasmin Ribeiro"},"url":"https:\/\/www.mtexpo.com.br\/es\/author\/thiagobento\/"}]}},"_links":{"self":[{"href":"https:\/\/www.mtexpo.com.br\/es\/wp-json\/wp\/v2\/posts\/386"}],"collection":[{"href":"https:\/\/www.mtexpo.com.br\/es\/wp-json\/wp\/v2\/posts"}],"about":[{"href":"https:\/\/www.mtexpo.com.br\/es\/wp-json\/wp\/v2\/types\/post"}],"author":[{"embeddable":true,"href":"https:\/\/www.mtexpo.com.br\/es\/wp-json\/wp\/v2\/users\/7"}],"replies":[{"embeddable":true,"href":"https:\/\/www.mtexpo.com.br\/es\/wp-json\/wp\/v2\/comments?post=386"}],"version-history":[{"count":1,"href":"https:\/\/www.mtexpo.com.br\/es\/wp-json\/wp\/v2\/posts\/386\/revisions"}],"predecessor-version":[{"id":388,"href":"https:\/\/www.mtexpo.com.br\/es\/wp-json\/wp\/v2\/posts\/386\/revisions\/388"}],"wp:featuredmedia":[{"embeddable":true,"href":"https:\/\/www.mtexpo.com.br\/es\/wp-json\/wp\/v2\/media\/387"}],"wp:attachment":[{"href":"https:\/\/www.mtexpo.com.br\/es\/wp-json\/wp\/v2\/media?parent=386"}],"wp:term":[{"taxonomy":"category","embeddable":true,"href":"https:\/\/www.mtexpo.com.br\/es\/wp-json\/wp\/v2\/categories?post=386"},{"taxonomy":"post_tag","embeddable":true,"href":"https:\/\/www.mtexpo.com.br\/es\/wp-json\/wp\/v2\/tags?post=386"}],"curies":[{"name":"wp","href":"https:\/\/api.w.org\/{rel}","templated":true}]}}