{"id":391,"date":"2023-02-24T14:45:22","date_gmt":"2023-02-24T17:45:22","guid":{"rendered":"https:\/\/www.mtexpo.com.br\/es\/?p=391"},"modified":"2023-02-24T14:45:23","modified_gmt":"2023-02-24T17:45:23","slug":"lluvias-obras-de-ingenieria-geotecnia-y-fondo-de-emergencia-deben-ser-prioridad","status":"publish","type":"post","link":"https:\/\/www.mtexpo.com.br\/es\/2023\/02\/24\/lluvias-obras-de-ingenieria-geotecnia-y-fondo-de-emergencia-deben-ser-prioridad\/","title":{"rendered":"<strong>Lluvias: obras de ingenier\u00eda, geotecnia y fondo de emergencia deben ser prioridad<\/strong>"},"content":{"rendered":"\n<p><em>Fen\u00f3menos recurrentes en esta \u00e9poca del a\u00f1o, inundaciones, colapso de estructuras y deslizamientos pueden minimizarse cuando los gestores p\u00fablicos priorizan obras de infraestructura <\/em><em><\/em><\/p>\n\n\n\n<p>Las tormentas clim\u00e1ticas son realmente incontrolables, pero los impactos que provocan sobre la vida humana y sobre el ecosistema urbano pueden ser minimizados y, en la mayor\u00eda de los casos, evitados. Estos fen\u00f3menos son recurrentes en esta \u00e9poca del a\u00f1o, y como si de un <em>d\u00e9j\u00e0 vu<\/em>, se tratara, las noticias traen aluviones de noticias sobre inundaciones, deslizamientos y derrumbes de estructuras, situaci\u00f3n que no parece sensibilizar a los gestores p\u00fablicos para dar prioridad a las obras de infraestructura que son vitales para evitar el caos generado por las lluvias.<\/p>\n\n\n\n<p>Es decir, se sabe qu\u00e9 pasar\u00e1 y d\u00f3nde estar\u00e1 la regi\u00f3n afectada, pero los gestores se encogen de hombros y vida que sigue siendo mermada de las v\u00edctimas de estas tragedias. La falta de atenci\u00f3n a estas prioridades tiene diferentes razones. En Brasilia, el proyecto de ley (<a href=\"https:\/\/congressoemfoco.uol.com.br\/wp-content\/uploads\/2023\/02\/PL-294-2022.pdf\">PL 294\/2022<\/a>) que crea el&nbsp;<a href=\"https:\/\/congressoemfoco.uol.com.br\/area\/congresso-nacional\/camara-engaveta-ha-um-ano-fundo-bilionario-de-apoio-contra-desastres\/\">Fondo Nacional de Apoyo a Situaciones de Desastre, Calamidad y Emergencia<\/a>, est\u00e1 estancada desde mayo del a\u00f1o pasado, no avanza por el calendario electoral que ha cambiado las prioridades de los parlamentarios y reducido el ritmo de trabajo en el Congreso.<\/p>\n\n\n\n<p>La par\u00e1lisis de los diputados en relaci\u00f3n al tema impidi\u00f3 la asignaci\u00f3n de al menos R$ 25.8 mil millones del presupuesto federal para medidas de prevenci\u00f3n, rescate, apoyo, reconstrucci\u00f3n de las \u00e1reas afectadas y reparaci\u00f3n de las v\u00edctimas y de las personas retiradas de lugares de riesgo.<\/p>\n\n\n\n<p>Como si eso fuera poco, los recursos para prevenir accidentes como los ocurridos en las ciudades de la Costa Norte de S\u00e3o Paulo se desplomaron en m\u00e1s de R$ 3 mil millones en 2014, para R$ 1.1 mil millones en 2021. El resultado fue un presupuesto de apenas R$ 25.000 bajo el rubro \u00abObras de mitigaci\u00f3n de emergencia para reducir desastres\u00bb.<\/p>\n\n\n\n<p>Es decir, si la tragedia era previsible, sin recursos presupuestarios no se podr\u00eda evitar. Solo el a\u00f1o pasado, hubo m\u00e1s de 450 muertes por inundaciones y deslizamientos de tierra, seg\u00fan la CNM &#8211; Confedera\u00e7\u00e3o Nacional dos Munic\u00edpios (Confederaci\u00f3n Nacional de Municipios). Este a\u00f1o, 44\u200bpersonas murieron en el litoral de estado de S\u00e3o Paulo y hay al menos 36 desaparecidos, v\u00edctimas de las lluvias en la regi\u00f3n.<\/p>\n\n\n\n<p>Sin embargo, el ministro de desarrollo regional, Waldez G\u00f3es, se\u00f1al\u00f3 que, a pesar de ello, el gobierno restableci\u00f3 en 2023 los valores para enfrentar los desastres. Seg\u00fan \u00e9l, la medida provisional corrigi\u00f3 eso y hay suficientes recursos para el apoyo.<\/p>\n\n\n\n<p><strong>Mapeo de riesgos<\/strong><strong><\/strong><\/p>\n\n\n\n<p>Las ciudades del litoral paulista que actualmente se encuentran en situaci\u00f3n de calamidad p\u00fablica han mapeado un total de 181 \u00e1reas en riesgo de deslizamientos o inundaciones. Los datos son de una encuesta publicada en G1, con ayuntamientos de Bertioga, Caraguatatuba, Guaruj\u00e1, Ilhabela, S\u00e3o Sebasti\u00e3o y Ubatuba.<\/p>\n\n\n\n<p>El problema es que no basta con tener datos, hay que utilizarlos con la inteligencia que aporta la ingenier\u00eda y la geotecnia para realizar obras de contenci\u00f3n, drenaje y movilidad. Si hay ineptitud o negligencia, solo queda que excavadoras y camiones intervengan para retirar los escombros y trabajar para auxiliar a los damnificados en medio de escenarios desolados.<\/p>\n\n\n\n<p><strong>Zonas de riesgo<\/strong><strong><\/strong><\/p>\n\n\n\n<figure class=\"wp-block-table\"><table><tbody><tr><td><strong>&nbsp;<\/strong> <strong>Ciudad<\/strong><strong><\/strong><\/td><td><strong>&nbsp;<\/strong> <strong>Cantidad<\/strong><strong><\/strong><\/td><td><strong>&nbsp;<\/strong> <strong>Situaci\u00f3n<\/strong><strong><\/strong> <strong>&nbsp;<\/strong><\/td><\/tr><tr><td>Ubatuba<\/td><td>26<\/td><td>15 sitios a\u00fan bajo atenci\u00f3n.<\/td><\/tr><tr><td>Guaruj\u00e1<\/td><td>24<\/td><td>Colinas y palafitos, donde viven 20.000 personas en condiciones de riesgo.<\/td><\/tr><tr><td>&nbsp; Caraguatatuba<\/td><td>&nbsp; 19<\/td><td>54 diferentes sectores susceptibles a deslizamientos, que van desde menor a mayor riesgo.<\/td><\/tr><tr><td>&nbsp; Ilhabela<\/td><td>&nbsp; 16<\/td><td>En enero, 11 familias que viv\u00edan en condiciones insalubres fueron sacadas de un \u00e1rea de preservaci\u00f3n permanente.<\/td><\/tr><tr><td>Bertioga<\/td><td>10<\/td><td>Zonas de riesgo de inundaci\u00f3n cerca de los r\u00edos.<\/td><\/tr><\/tbody><\/table><\/figure>\n\n\n\n<p><strong>Tecnolog\u00eda para advertir deslizamientos<\/strong><strong><\/strong><\/p>\n\n\n\n<p>Los sistemas son cada vez m\u00e1s sofisticados para detectar deslizamientos de tierra, que en cuesti\u00f3n de segundos pueden enterrar edificios y hacer v\u00edctimas. Hoy es posible evitar una poblaci\u00f3n de estos derrumbes y llevar a cabo una evacuaci\u00f3n de la zona. En Petr\u00f3polis, el a\u00f1o pasado, un&nbsp;sensor de movimiento para rocas y taludes dise\u00f1ado por Pedro Curcio, especialista en Smart Cities [Ciudades Inteligentes], que ayud\u00f3 a la ciudad durante la ola de deslizamientos, emitiendo alertas para defensa civil para aislar el \u00e1rea y evacuar a los residentes.<\/p>\n\n\n\n<p>El sensor tiene una bater\u00eda que se recarga con energ\u00eda solar y est\u00e1 construido para detectar movimientos a partir de 5 grados de inclinaci\u00f3n en tres ejes diferentes. En caso de detecci\u00f3n de movimiento del suelo, el dispositivo avisar\u00e1 a Defensa Civil para que tome las medidas oportunas.<\/p>\n\n\n\n<p>Por: Santelmo Camilo<\/p>\n","protected":false},"excerpt":{"rendered":"","protected":false},"author":7,"featured_media":392,"comment_status":"open","ping_status":"open","sticky":false,"template":"","format":"standard","meta":[],"categories":[12],"tags":[],"acf":[],"yoast_head":"<!-- This site is optimized with the Yoast SEO plugin v20.8 - https:\/\/yoast.com\/wordpress\/plugins\/seo\/ -->\n<title>Lluvias: obras de ingenier\u00eda, geotecnia y fondo de emergencia deben ser prioridad | M&amp;T Expo<\/title>\n<meta name=\"robots\" content=\"index, follow, max-snippet:-1, max-image-preview:large, max-video-preview:-1\" \/>\n<link rel=\"canonical\" href=\"https:\/\/www.mtexpo.com.br\/es\/2023\/02\/24\/lluvias-obras-de-ingenieria-geotecnia-y-fondo-de-emergencia-deben-ser-prioridad\/\" \/>\n<meta property=\"og:locale\" content=\"es_ES\" \/>\n<meta property=\"og:type\" content=\"article\" \/>\n<meta property=\"og:title\" content=\"Lluvias: obras de ingenier\u00eda, geotecnia y fondo de emergencia deben ser prioridad | M&amp;T Expo\" \/>\n<meta property=\"og:url\" content=\"https:\/\/www.mtexpo.com.br\/es\/2023\/02\/24\/lluvias-obras-de-ingenieria-geotecnia-y-fondo-de-emergencia-deben-ser-prioridad\/\" \/>\n<meta property=\"og:site_name\" content=\"M&amp;T Expo - ES\" \/>\n<meta property=\"article:publisher\" content=\"https:\/\/www.facebook.com\/feiramtexpo\/\" \/>\n<meta property=\"article:published_time\" content=\"2023-02-24T17:45:22+00:00\" \/>\n<meta property=\"article:modified_time\" content=\"2023-02-24T17:45:23+00:00\" \/>\n<meta property=\"og:image\" content=\"https:\/\/www.mtexpo.com.br\/es\/wp-content\/uploads\/sites\/3\/2023\/02\/MicrosoftTeams-image-6.jpg\" \/>\n\t<meta property=\"og:image:width\" content=\"1641\" \/>\n\t<meta property=\"og:image:height\" content=\"1094\" \/>\n\t<meta property=\"og:image:type\" content=\"image\/jpeg\" \/>\n<meta name=\"author\" content=\"Yasmin Ribeiro\" \/>\n<meta name=\"twitter:card\" content=\"summary_large_image\" \/>\n<meta name=\"twitter:label1\" content=\"Written by\" \/>\n\t<meta name=\"twitter:data1\" content=\"Yasmin Ribeiro\" \/>\n\t<meta name=\"twitter:label2\" content=\"Est. reading time\" \/>\n\t<meta name=\"twitter:data2\" content=\"5 minutes\" \/>\n<script type=\"application\/ld+json\" class=\"yoast-schema-graph\">{\"@context\":\"https:\/\/schema.org\",\"@graph\":[{\"@type\":\"Article\",\"@id\":\"https:\/\/www.mtexpo.com.br\/es\/2023\/02\/24\/lluvias-obras-de-ingenieria-geotecnia-y-fondo-de-emergencia-deben-ser-prioridad\/#article\",\"isPartOf\":{\"@id\":\"https:\/\/www.mtexpo.com.br\/es\/2023\/02\/24\/lluvias-obras-de-ingenieria-geotecnia-y-fondo-de-emergencia-deben-ser-prioridad\/\"},\"author\":{\"name\":\"Yasmin Ribeiro\",\"@id\":\"https:\/\/www.mtexpo.com.br\/es\/#\/schema\/person\/335d1f123b404f4eeee3c77d3eff4bfd\"},\"headline\":\"Lluvias: obras de ingenier\u00eda, geotecnia y fondo de emergencia deben ser prioridad\",\"datePublished\":\"2023-02-24T17:45:22+00:00\",\"dateModified\":\"2023-02-24T17:45:23+00:00\",\"mainEntityOfPage\":{\"@id\":\"https:\/\/www.mtexpo.com.br\/es\/2023\/02\/24\/lluvias-obras-de-ingenieria-geotecnia-y-fondo-de-emergencia-deben-ser-prioridad\/\"},\"wordCount\":809,\"commentCount\":0,\"publisher\":{\"@id\":\"https:\/\/www.mtexpo.com.br\/es\/#organization\"},\"articleSection\":[\"Infraestructura\"],\"inLanguage\":\"es-ES\",\"potentialAction\":[{\"@type\":\"CommentAction\",\"name\":\"Comment\",\"target\":[\"https:\/\/www.mtexpo.com.br\/es\/2023\/02\/24\/lluvias-obras-de-ingenieria-geotecnia-y-fondo-de-emergencia-deben-ser-prioridad\/#respond\"]}]},{\"@type\":\"WebPage\",\"@id\":\"https:\/\/www.mtexpo.com.br\/es\/2023\/02\/24\/lluvias-obras-de-ingenieria-geotecnia-y-fondo-de-emergencia-deben-ser-prioridad\/\",\"url\":\"https:\/\/www.mtexpo.com.br\/es\/2023\/02\/24\/lluvias-obras-de-ingenieria-geotecnia-y-fondo-de-emergencia-deben-ser-prioridad\/\",\"name\":\"Lluvias: obras de ingenier\u00eda, geotecnia y fondo de emergencia deben ser prioridad | M&T Expo\",\"isPartOf\":{\"@id\":\"https:\/\/www.mtexpo.com.br\/es\/#website\"},\"datePublished\":\"2023-02-24T17:45:22+00:00\",\"dateModified\":\"2023-02-24T17:45:23+00:00\",\"breadcrumb\":{\"@id\":\"https:\/\/www.mtexpo.com.br\/es\/2023\/02\/24\/lluvias-obras-de-ingenieria-geotecnia-y-fondo-de-emergencia-deben-ser-prioridad\/#breadcrumb\"},\"inLanguage\":\"es-ES\",\"potentialAction\":[{\"@type\":\"ReadAction\",\"target\":[\"https:\/\/www.mtexpo.com.br\/es\/2023\/02\/24\/lluvias-obras-de-ingenieria-geotecnia-y-fondo-de-emergencia-deben-ser-prioridad\/\"]}]},{\"@type\":\"BreadcrumbList\",\"@id\":\"https:\/\/www.mtexpo.com.br\/es\/2023\/02\/24\/lluvias-obras-de-ingenieria-geotecnia-y-fondo-de-emergencia-deben-ser-prioridad\/#breadcrumb\",\"itemListElement\":[{\"@type\":\"ListItem\",\"position\":1,\"name\":\"In\u00edcio\",\"item\":\"https:\/\/www.mtexpo.com.br\/es\/\"},{\"@type\":\"ListItem\",\"position\":2,\"name\":\"Lluvias: obras de ingenier\u00eda, geotecnia y fondo de emergencia deben ser prioridad\"}]},{\"@type\":\"WebSite\",\"@id\":\"https:\/\/www.mtexpo.com.br\/es\/#website\",\"url\":\"https:\/\/www.mtexpo.com.br\/es\/\",\"name\":\"M&T Expo\",\"description\":\"Part of bauma NETWORK\",\"publisher\":{\"@id\":\"https:\/\/www.mtexpo.com.br\/es\/#organization\"},\"alternateName\":\"M&T Expo\",\"potentialAction\":[{\"@type\":\"SearchAction\",\"target\":{\"@type\":\"EntryPoint\",\"urlTemplate\":\"https:\/\/www.mtexpo.com.br\/es\/?s={search_term_string}\"},\"query-input\":\"required name=search_term_string\"}],\"inLanguage\":\"es-ES\"},{\"@type\":\"Organization\",\"@id\":\"https:\/\/www.mtexpo.com.br\/es\/#organization\",\"name\":\"M&T Expo\",\"alternateName\":\"M&T Expo\",\"url\":\"https:\/\/www.mtexpo.com.br\/es\/\",\"logo\":{\"@type\":\"ImageObject\",\"inLanguage\":\"es-ES\",\"@id\":\"https:\/\/www.mtexpo.com.br\/es\/#\/schema\/logo\/image\/\",\"url\":\"https:\/\/www.mtexpo.com.br\/es\/wp-content\/uploads\/sites\/3\/2022\/12\/logo-MT-expo.svg\",\"contentUrl\":\"https:\/\/www.mtexpo.com.br\/es\/wp-content\/uploads\/sites\/3\/2022\/12\/logo-MT-expo.svg\",\"width\":350,\"height\":70,\"caption\":\"M&T Expo\"},\"image\":{\"@id\":\"https:\/\/www.mtexpo.com.br\/es\/#\/schema\/logo\/image\/\"},\"sameAs\":[\"https:\/\/www.facebook.com\/feiramtexpo\/\",\"https:\/\/www.youtube.com\/c\/mtexpofeira\",\"https:\/\/www.instagram.com\/feiramtexpo\/\"]},{\"@type\":\"Person\",\"@id\":\"https:\/\/www.mtexpo.com.br\/es\/#\/schema\/person\/335d1f123b404f4eeee3c77d3eff4bfd\",\"name\":\"Yasmin Ribeiro\",\"image\":{\"@type\":\"ImageObject\",\"inLanguage\":\"es-ES\",\"@id\":\"https:\/\/www.mtexpo.com.br\/es\/#\/schema\/person\/image\/\",\"url\":\"https:\/\/secure.gravatar.com\/avatar\/bf734aef4167ed7e812cf407c1f725c9?s=96&d=mm&r=g\",\"contentUrl\":\"https:\/\/secure.gravatar.com\/avatar\/bf734aef4167ed7e812cf407c1f725c9?s=96&d=mm&r=g\",\"caption\":\"Yasmin Ribeiro\"},\"url\":\"https:\/\/www.mtexpo.com.br\/es\/author\/thiagobento\/\"}]}<\/script>\n<!-- \/ Yoast SEO plugin. -->","yoast_head_json":{"title":"Lluvias: obras de ingenier\u00eda, geotecnia y fondo de emergencia deben ser prioridad | M&T Expo","robots":{"index":"index","follow":"follow","max-snippet":"max-snippet:-1","max-image-preview":"max-image-preview:large","max-video-preview":"max-video-preview:-1"},"canonical":"https:\/\/www.mtexpo.com.br\/es\/2023\/02\/24\/lluvias-obras-de-ingenieria-geotecnia-y-fondo-de-emergencia-deben-ser-prioridad\/","og_locale":"es_ES","og_type":"article","og_title":"Lluvias: obras de ingenier\u00eda, geotecnia y fondo de emergencia deben ser prioridad | M&T Expo","og_url":"https:\/\/www.mtexpo.com.br\/es\/2023\/02\/24\/lluvias-obras-de-ingenieria-geotecnia-y-fondo-de-emergencia-deben-ser-prioridad\/","og_site_name":"M&amp;T Expo - ES","article_publisher":"https:\/\/www.facebook.com\/feiramtexpo\/","article_published_time":"2023-02-24T17:45:22+00:00","article_modified_time":"2023-02-24T17:45:23+00:00","og_image":[{"width":1641,"height":1094,"url":"https:\/\/www.mtexpo.com.br\/es\/wp-content\/uploads\/sites\/3\/2023\/02\/MicrosoftTeams-image-6.jpg","type":"image\/jpeg"}],"author":"Yasmin Ribeiro","twitter_card":"summary_large_image","twitter_misc":{"Written by":"Yasmin Ribeiro","Est. reading time":"5 minutes"},"schema":{"@context":"https:\/\/schema.org","@graph":[{"@type":"Article","@id":"https:\/\/www.mtexpo.com.br\/es\/2023\/02\/24\/lluvias-obras-de-ingenieria-geotecnia-y-fondo-de-emergencia-deben-ser-prioridad\/#article","isPartOf":{"@id":"https:\/\/www.mtexpo.com.br\/es\/2023\/02\/24\/lluvias-obras-de-ingenieria-geotecnia-y-fondo-de-emergencia-deben-ser-prioridad\/"},"author":{"name":"Yasmin Ribeiro","@id":"https:\/\/www.mtexpo.com.br\/es\/#\/schema\/person\/335d1f123b404f4eeee3c77d3eff4bfd"},"headline":"Lluvias: obras de ingenier\u00eda, geotecnia y fondo de emergencia deben ser prioridad","datePublished":"2023-02-24T17:45:22+00:00","dateModified":"2023-02-24T17:45:23+00:00","mainEntityOfPage":{"@id":"https:\/\/www.mtexpo.com.br\/es\/2023\/02\/24\/lluvias-obras-de-ingenieria-geotecnia-y-fondo-de-emergencia-deben-ser-prioridad\/"},"wordCount":809,"commentCount":0,"publisher":{"@id":"https:\/\/www.mtexpo.com.br\/es\/#organization"},"articleSection":["Infraestructura"],"inLanguage":"es-ES","potentialAction":[{"@type":"CommentAction","name":"Comment","target":["https:\/\/www.mtexpo.com.br\/es\/2023\/02\/24\/lluvias-obras-de-ingenieria-geotecnia-y-fondo-de-emergencia-deben-ser-prioridad\/#respond"]}]},{"@type":"WebPage","@id":"https:\/\/www.mtexpo.com.br\/es\/2023\/02\/24\/lluvias-obras-de-ingenieria-geotecnia-y-fondo-de-emergencia-deben-ser-prioridad\/","url":"https:\/\/www.mtexpo.com.br\/es\/2023\/02\/24\/lluvias-obras-de-ingenieria-geotecnia-y-fondo-de-emergencia-deben-ser-prioridad\/","name":"Lluvias: obras de ingenier\u00eda, geotecnia y fondo de emergencia deben ser prioridad | M&T Expo","isPartOf":{"@id":"https:\/\/www.mtexpo.com.br\/es\/#website"},"datePublished":"2023-02-24T17:45:22+00:00","dateModified":"2023-02-24T17:45:23+00:00","breadcrumb":{"@id":"https:\/\/www.mtexpo.com.br\/es\/2023\/02\/24\/lluvias-obras-de-ingenieria-geotecnia-y-fondo-de-emergencia-deben-ser-prioridad\/#breadcrumb"},"inLanguage":"es-ES","potentialAction":[{"@type":"ReadAction","target":["https:\/\/www.mtexpo.com.br\/es\/2023\/02\/24\/lluvias-obras-de-ingenieria-geotecnia-y-fondo-de-emergencia-deben-ser-prioridad\/"]}]},{"@type":"BreadcrumbList","@id":"https:\/\/www.mtexpo.com.br\/es\/2023\/02\/24\/lluvias-obras-de-ingenieria-geotecnia-y-fondo-de-emergencia-deben-ser-prioridad\/#breadcrumb","itemListElement":[{"@type":"ListItem","position":1,"name":"In\u00edcio","item":"https:\/\/www.mtexpo.com.br\/es\/"},{"@type":"ListItem","position":2,"name":"Lluvias: obras de ingenier\u00eda, geotecnia y fondo de emergencia deben ser prioridad"}]},{"@type":"WebSite","@id":"https:\/\/www.mtexpo.com.br\/es\/#website","url":"https:\/\/www.mtexpo.com.br\/es\/","name":"M&T Expo","description":"Part of bauma NETWORK","publisher":{"@id":"https:\/\/www.mtexpo.com.br\/es\/#organization"},"alternateName":"M&T Expo","potentialAction":[{"@type":"SearchAction","target":{"@type":"EntryPoint","urlTemplate":"https:\/\/www.mtexpo.com.br\/es\/?s={search_term_string}"},"query-input":"required name=search_term_string"}],"inLanguage":"es-ES"},{"@type":"Organization","@id":"https:\/\/www.mtexpo.com.br\/es\/#organization","name":"M&T Expo","alternateName":"M&T Expo","url":"https:\/\/www.mtexpo.com.br\/es\/","logo":{"@type":"ImageObject","inLanguage":"es-ES","@id":"https:\/\/www.mtexpo.com.br\/es\/#\/schema\/logo\/image\/","url":"https:\/\/www.mtexpo.com.br\/es\/wp-content\/uploads\/sites\/3\/2022\/12\/logo-MT-expo.svg","contentUrl":"https:\/\/www.mtexpo.com.br\/es\/wp-content\/uploads\/sites\/3\/2022\/12\/logo-MT-expo.svg","width":350,"height":70,"caption":"M&T Expo"},"image":{"@id":"https:\/\/www.mtexpo.com.br\/es\/#\/schema\/logo\/image\/"},"sameAs":["https:\/\/www.facebook.com\/feiramtexpo\/","https:\/\/www.youtube.com\/c\/mtexpofeira","https:\/\/www.instagram.com\/feiramtexpo\/"]},{"@type":"Person","@id":"https:\/\/www.mtexpo.com.br\/es\/#\/schema\/person\/335d1f123b404f4eeee3c77d3eff4bfd","name":"Yasmin Ribeiro","image":{"@type":"ImageObject","inLanguage":"es-ES","@id":"https:\/\/www.mtexpo.com.br\/es\/#\/schema\/person\/image\/","url":"https:\/\/secure.gravatar.com\/avatar\/bf734aef4167ed7e812cf407c1f725c9?s=96&d=mm&r=g","contentUrl":"https:\/\/secure.gravatar.com\/avatar\/bf734aef4167ed7e812cf407c1f725c9?s=96&d=mm&r=g","caption":"Yasmin Ribeiro"},"url":"https:\/\/www.mtexpo.com.br\/es\/author\/thiagobento\/"}]}},"_links":{"self":[{"href":"https:\/\/www.mtexpo.com.br\/es\/wp-json\/wp\/v2\/posts\/391"}],"collection":[{"href":"https:\/\/www.mtexpo.com.br\/es\/wp-json\/wp\/v2\/posts"}],"about":[{"href":"https:\/\/www.mtexpo.com.br\/es\/wp-json\/wp\/v2\/types\/post"}],"author":[{"embeddable":true,"href":"https:\/\/www.mtexpo.com.br\/es\/wp-json\/wp\/v2\/users\/7"}],"replies":[{"embeddable":true,"href":"https:\/\/www.mtexpo.com.br\/es\/wp-json\/wp\/v2\/comments?post=391"}],"version-history":[{"count":1,"href":"https:\/\/www.mtexpo.com.br\/es\/wp-json\/wp\/v2\/posts\/391\/revisions"}],"predecessor-version":[{"id":393,"href":"https:\/\/www.mtexpo.com.br\/es\/wp-json\/wp\/v2\/posts\/391\/revisions\/393"}],"wp:featuredmedia":[{"embeddable":true,"href":"https:\/\/www.mtexpo.com.br\/es\/wp-json\/wp\/v2\/media\/392"}],"wp:attachment":[{"href":"https:\/\/www.mtexpo.com.br\/es\/wp-json\/wp\/v2\/media?parent=391"}],"wp:term":[{"taxonomy":"category","embeddable":true,"href":"https:\/\/www.mtexpo.com.br\/es\/wp-json\/wp\/v2\/categories?post=391"},{"taxonomy":"post_tag","embeddable":true,"href":"https:\/\/www.mtexpo.com.br\/es\/wp-json\/wp\/v2\/tags?post=391"}],"curies":[{"name":"wp","href":"https:\/\/api.w.org\/{rel}","templated":true}]}}