{"id":394,"date":"2023-02-27T14:57:04","date_gmt":"2023-02-27T17:57:04","guid":{"rendered":"https:\/\/www.mtexpo.com.br\/es\/?p=394"},"modified":"2023-02-27T14:59:52","modified_gmt":"2023-02-27T17:59:52","slug":"obras-puentes-uniran-brasil-con-uruguay-y-argentina","status":"publish","type":"post","link":"https:\/\/www.mtexpo.com.br\/es\/2023\/02\/27\/obras-puentes-uniran-brasil-con-uruguay-y-argentina\/","title":{"rendered":"<strong>Obras: puentes unir\u00e1n Brasil con Uruguay y Argentina\u202f<\/strong>"},"content":{"rendered":"\n<p><em>Uno de los puentes tendr\u00e1 950 metros de largo en la BR-392 y conectar\u00e1 las ciudades de Porto Xavier (RS) y la argentina San Javier, sobre el R\u00edo Uruguay<\/em>&nbsp;<\/p>\n\n\n\n<p>En encuentro con los presidentes de Argentina, Alberto Fern\u00e1ndez, y de Uruguay, Luis Lacalle Pou, el presidente Luiz In\u00e1cio Lula da Silva mencion\u00f3 grandes emprendimientos para vincular los tres pa\u00edses, que podr\u00edan generar inversiones de aproximadamente R$ 4.9 mil millones. El mayor monto de la contribuci\u00f3n ser\u00e1 de R$ 4.6 mil millones, destinados a la construcci\u00f3n de un gasoducto de 600 kil\u00f3metros en el estado de Rio Grande do Sul, para llevar el gas argentino capturado en la reserva de Vaca Muerta, en la provincia de Neuqu\u00e9n.&nbsp;<\/p>\n\n\n\n<p>Hasta el momento, la situaci\u00f3n m\u00e1s avanzada es la construcci\u00f3n de un puente entre la ciudad de Porto Xavier, en Rio Grande do Sul, y San Javier, en Argentina. La obra est\u00e1 incluida en el plan de 100 d\u00edas del Ministerio de Transportes y se ha convertido en una de las prioridades para los pr\u00f3ximos meses.&nbsp;<\/p>\n\n\n\n<p>La empresa Coesa \u2014 Constru\u00e7\u00f5es e Montagens S.A. fue contratada por la Uni\u00f3n para preparar el proyecto b\u00e1sico de ingenier\u00eda y de ejecuci\u00f3n de la obra. Se prev\u00e9n inversiones de R$ 222 millones y el paquete de servicios incluye la emisi\u00f3n de licencias ambientales y expropiaciones que deben realizarse en el camino del futuro puente. El Departamento Nacional de Infraestructura del Transporte (Dnit &#8211; Departamento Nacional de Infraestrutura de Transportes) se encuentra a la espera de la presentaci\u00f3n de documentaci\u00f3n por parte de la empresa contratada, para emitir la orden de servicio para la elaboraci\u00f3n de proyectos de ingenier\u00eda y estudios ambientales.&nbsp;<\/p>\n\n\n\n<p>El puente se construir\u00e1 sobre el R\u00edo Uruguay, en la BR-392, y tendr\u00e1 una longitud de 950 metros. Tambi\u00e9n se construir\u00e1n 900 metros de acceso por Brasil y otros 500 metros en suelo argentino. A pesar de que este proyecto est\u00e1 avanzado, a\u00fan queda mucho camino por recorrer, el Dnit estima que se necesitar\u00e1n 1.440 d\u00edas para ejecutar esta obra, el equivalente a casi cuatro a\u00f1os de obra.\u202f\u00a0<\/p>\n\n\n\n<p>Por: Santelmo Camilo<\/p>\n","protected":false},"excerpt":{"rendered":"<p>En encuentro con los presidentes de Argentina y de Uruguay, Luiz In\u00e1cio Lula da Silva mencion\u00f3 emprendimientos para vincular los pa\u00edses<\/p>\n","protected":false},"author":7,"featured_media":395,"comment_status":"open","ping_status":"open","sticky":false,"template":"","format":"standard","meta":[],"categories":[12],"tags":[],"acf":[],"yoast_head":"<!-- This site is optimized with the Yoast SEO plugin v20.8 - https:\/\/yoast.com\/wordpress\/plugins\/seo\/ -->\n<title>Obras: puentes unir\u00e1n Brasil con Uruguay y Argentina\u202f | M&amp;T Expo<\/title>\n<meta name=\"robots\" content=\"index, follow, max-snippet:-1, max-image-preview:large, max-video-preview:-1\" \/>\n<link rel=\"canonical\" href=\"https:\/\/www.mtexpo.com.br\/es\/2023\/02\/27\/obras-puentes-uniran-brasil-con-uruguay-y-argentina\/\" \/>\n<meta property=\"og:locale\" content=\"es_ES\" \/>\n<meta property=\"og:type\" content=\"article\" \/>\n<meta property=\"og:title\" content=\"Obras: puentes unir\u00e1n Brasil con Uruguay y Argentina\u202f | M&amp;T Expo\" \/>\n<meta property=\"og:description\" content=\"En encuentro con los presidentes de Argentina y de Uruguay, Luiz In\u00e1cio Lula da Silva mencion\u00f3 emprendimientos para vincular los pa\u00edses\" \/>\n<meta property=\"og:url\" content=\"https:\/\/www.mtexpo.com.br\/es\/2023\/02\/27\/obras-puentes-uniran-brasil-con-uruguay-y-argentina\/\" \/>\n<meta property=\"og:site_name\" content=\"M&amp;T Expo - ES\" \/>\n<meta property=\"article:publisher\" content=\"https:\/\/www.facebook.com\/feiramtexpo\/\" \/>\n<meta property=\"article:published_time\" content=\"2023-02-27T17:57:04+00:00\" \/>\n<meta property=\"article:modified_time\" content=\"2023-02-27T17:59:52+00:00\" \/>\n<meta property=\"og:image\" content=\"https:\/\/www.mtexpo.com.br\/es\/wp-content\/uploads\/sites\/3\/2023\/02\/Design-sem-nome-5.jpg\" \/>\n\t<meta property=\"og:image:width\" content=\"1920\" \/>\n\t<meta property=\"og:image:height\" content=\"1306\" \/>\n\t<meta property=\"og:image:type\" content=\"image\/jpeg\" \/>\n<meta name=\"author\" content=\"Yasmin Ribeiro\" \/>\n<meta name=\"twitter:card\" content=\"summary_large_image\" \/>\n<meta name=\"twitter:label1\" content=\"Written by\" \/>\n\t<meta name=\"twitter:data1\" content=\"Yasmin Ribeiro\" \/>\n\t<meta name=\"twitter:label2\" content=\"Est. reading time\" \/>\n\t<meta name=\"twitter:data2\" content=\"2 minutes\" \/>\n<script type=\"application\/ld+json\" class=\"yoast-schema-graph\">{\"@context\":\"https:\/\/schema.org\",\"@graph\":[{\"@type\":\"Article\",\"@id\":\"https:\/\/www.mtexpo.com.br\/es\/2023\/02\/27\/obras-puentes-uniran-brasil-con-uruguay-y-argentina\/#article\",\"isPartOf\":{\"@id\":\"https:\/\/www.mtexpo.com.br\/es\/2023\/02\/27\/obras-puentes-uniran-brasil-con-uruguay-y-argentina\/\"},\"author\":{\"name\":\"Yasmin Ribeiro\",\"@id\":\"https:\/\/www.mtexpo.com.br\/es\/#\/schema\/person\/335d1f123b404f4eeee3c77d3eff4bfd\"},\"headline\":\"Obras: puentes unir\u00e1n Brasil con Uruguay y Argentina\u202f\",\"datePublished\":\"2023-02-27T17:57:04+00:00\",\"dateModified\":\"2023-02-27T17:59:52+00:00\",\"mainEntityOfPage\":{\"@id\":\"https:\/\/www.mtexpo.com.br\/es\/2023\/02\/27\/obras-puentes-uniran-brasil-con-uruguay-y-argentina\/\"},\"wordCount\":380,\"commentCount\":0,\"publisher\":{\"@id\":\"https:\/\/www.mtexpo.com.br\/es\/#organization\"},\"articleSection\":[\"Infraestructura\"],\"inLanguage\":\"es-ES\",\"potentialAction\":[{\"@type\":\"CommentAction\",\"name\":\"Comment\",\"target\":[\"https:\/\/www.mtexpo.com.br\/es\/2023\/02\/27\/obras-puentes-uniran-brasil-con-uruguay-y-argentina\/#respond\"]}]},{\"@type\":\"WebPage\",\"@id\":\"https:\/\/www.mtexpo.com.br\/es\/2023\/02\/27\/obras-puentes-uniran-brasil-con-uruguay-y-argentina\/\",\"url\":\"https:\/\/www.mtexpo.com.br\/es\/2023\/02\/27\/obras-puentes-uniran-brasil-con-uruguay-y-argentina\/\",\"name\":\"Obras: puentes unir\u00e1n Brasil con Uruguay y Argentina\u202f | M&T Expo\",\"isPartOf\":{\"@id\":\"https:\/\/www.mtexpo.com.br\/es\/#website\"},\"datePublished\":\"2023-02-27T17:57:04+00:00\",\"dateModified\":\"2023-02-27T17:59:52+00:00\",\"breadcrumb\":{\"@id\":\"https:\/\/www.mtexpo.com.br\/es\/2023\/02\/27\/obras-puentes-uniran-brasil-con-uruguay-y-argentina\/#breadcrumb\"},\"inLanguage\":\"es-ES\",\"potentialAction\":[{\"@type\":\"ReadAction\",\"target\":[\"https:\/\/www.mtexpo.com.br\/es\/2023\/02\/27\/obras-puentes-uniran-brasil-con-uruguay-y-argentina\/\"]}]},{\"@type\":\"BreadcrumbList\",\"@id\":\"https:\/\/www.mtexpo.com.br\/es\/2023\/02\/27\/obras-puentes-uniran-brasil-con-uruguay-y-argentina\/#breadcrumb\",\"itemListElement\":[{\"@type\":\"ListItem\",\"position\":1,\"name\":\"In\u00edcio\",\"item\":\"https:\/\/www.mtexpo.com.br\/es\/\"},{\"@type\":\"ListItem\",\"position\":2,\"name\":\"Obras: puentes unir\u00e1n Brasil con Uruguay y Argentina\u202f\"}]},{\"@type\":\"WebSite\",\"@id\":\"https:\/\/www.mtexpo.com.br\/es\/#website\",\"url\":\"https:\/\/www.mtexpo.com.br\/es\/\",\"name\":\"M&T Expo\",\"description\":\"Part of bauma NETWORK\",\"publisher\":{\"@id\":\"https:\/\/www.mtexpo.com.br\/es\/#organization\"},\"alternateName\":\"M&T Expo\",\"potentialAction\":[{\"@type\":\"SearchAction\",\"target\":{\"@type\":\"EntryPoint\",\"urlTemplate\":\"https:\/\/www.mtexpo.com.br\/es\/?s={search_term_string}\"},\"query-input\":\"required name=search_term_string\"}],\"inLanguage\":\"es-ES\"},{\"@type\":\"Organization\",\"@id\":\"https:\/\/www.mtexpo.com.br\/es\/#organization\",\"name\":\"M&T Expo\",\"alternateName\":\"M&T Expo\",\"url\":\"https:\/\/www.mtexpo.com.br\/es\/\",\"logo\":{\"@type\":\"ImageObject\",\"inLanguage\":\"es-ES\",\"@id\":\"https:\/\/www.mtexpo.com.br\/es\/#\/schema\/logo\/image\/\",\"url\":\"https:\/\/www.mtexpo.com.br\/es\/wp-content\/uploads\/sites\/3\/2022\/12\/logo-MT-expo.svg\",\"contentUrl\":\"https:\/\/www.mtexpo.com.br\/es\/wp-content\/uploads\/sites\/3\/2022\/12\/logo-MT-expo.svg\",\"width\":350,\"height\":70,\"caption\":\"M&T Expo\"},\"image\":{\"@id\":\"https:\/\/www.mtexpo.com.br\/es\/#\/schema\/logo\/image\/\"},\"sameAs\":[\"https:\/\/www.facebook.com\/feiramtexpo\/\",\"https:\/\/www.youtube.com\/c\/mtexpofeira\",\"https:\/\/www.instagram.com\/feiramtexpo\/\"]},{\"@type\":\"Person\",\"@id\":\"https:\/\/www.mtexpo.com.br\/es\/#\/schema\/person\/335d1f123b404f4eeee3c77d3eff4bfd\",\"name\":\"Yasmin Ribeiro\",\"image\":{\"@type\":\"ImageObject\",\"inLanguage\":\"es-ES\",\"@id\":\"https:\/\/www.mtexpo.com.br\/es\/#\/schema\/person\/image\/\",\"url\":\"https:\/\/secure.gravatar.com\/avatar\/bf734aef4167ed7e812cf407c1f725c9?s=96&d=mm&r=g\",\"contentUrl\":\"https:\/\/secure.gravatar.com\/avatar\/bf734aef4167ed7e812cf407c1f725c9?s=96&d=mm&r=g\",\"caption\":\"Yasmin Ribeiro\"},\"url\":\"https:\/\/www.mtexpo.com.br\/es\/author\/thiagobento\/\"}]}<\/script>\n<!-- \/ Yoast SEO plugin. -->","yoast_head_json":{"title":"Obras: puentes unir\u00e1n Brasil con Uruguay y Argentina\u202f | M&T Expo","robots":{"index":"index","follow":"follow","max-snippet":"max-snippet:-1","max-image-preview":"max-image-preview:large","max-video-preview":"max-video-preview:-1"},"canonical":"https:\/\/www.mtexpo.com.br\/es\/2023\/02\/27\/obras-puentes-uniran-brasil-con-uruguay-y-argentina\/","og_locale":"es_ES","og_type":"article","og_title":"Obras: puentes unir\u00e1n Brasil con Uruguay y Argentina\u202f | M&T Expo","og_description":"En encuentro con los presidentes de Argentina y de Uruguay, Luiz In\u00e1cio Lula da Silva mencion\u00f3 emprendimientos para vincular los pa\u00edses","og_url":"https:\/\/www.mtexpo.com.br\/es\/2023\/02\/27\/obras-puentes-uniran-brasil-con-uruguay-y-argentina\/","og_site_name":"M&amp;T Expo - ES","article_publisher":"https:\/\/www.facebook.com\/feiramtexpo\/","article_published_time":"2023-02-27T17:57:04+00:00","article_modified_time":"2023-02-27T17:59:52+00:00","og_image":[{"width":1920,"height":1306,"url":"https:\/\/www.mtexpo.com.br\/es\/wp-content\/uploads\/sites\/3\/2023\/02\/Design-sem-nome-5.jpg","type":"image\/jpeg"}],"author":"Yasmin Ribeiro","twitter_card":"summary_large_image","twitter_misc":{"Written by":"Yasmin Ribeiro","Est. reading time":"2 minutes"},"schema":{"@context":"https:\/\/schema.org","@graph":[{"@type":"Article","@id":"https:\/\/www.mtexpo.com.br\/es\/2023\/02\/27\/obras-puentes-uniran-brasil-con-uruguay-y-argentina\/#article","isPartOf":{"@id":"https:\/\/www.mtexpo.com.br\/es\/2023\/02\/27\/obras-puentes-uniran-brasil-con-uruguay-y-argentina\/"},"author":{"name":"Yasmin Ribeiro","@id":"https:\/\/www.mtexpo.com.br\/es\/#\/schema\/person\/335d1f123b404f4eeee3c77d3eff4bfd"},"headline":"Obras: puentes unir\u00e1n Brasil con Uruguay y Argentina\u202f","datePublished":"2023-02-27T17:57:04+00:00","dateModified":"2023-02-27T17:59:52+00:00","mainEntityOfPage":{"@id":"https:\/\/www.mtexpo.com.br\/es\/2023\/02\/27\/obras-puentes-uniran-brasil-con-uruguay-y-argentina\/"},"wordCount":380,"commentCount":0,"publisher":{"@id":"https:\/\/www.mtexpo.com.br\/es\/#organization"},"articleSection":["Infraestructura"],"inLanguage":"es-ES","potentialAction":[{"@type":"CommentAction","name":"Comment","target":["https:\/\/www.mtexpo.com.br\/es\/2023\/02\/27\/obras-puentes-uniran-brasil-con-uruguay-y-argentina\/#respond"]}]},{"@type":"WebPage","@id":"https:\/\/www.mtexpo.com.br\/es\/2023\/02\/27\/obras-puentes-uniran-brasil-con-uruguay-y-argentina\/","url":"https:\/\/www.mtexpo.com.br\/es\/2023\/02\/27\/obras-puentes-uniran-brasil-con-uruguay-y-argentina\/","name":"Obras: puentes unir\u00e1n Brasil con Uruguay y Argentina\u202f | M&T Expo","isPartOf":{"@id":"https:\/\/www.mtexpo.com.br\/es\/#website"},"datePublished":"2023-02-27T17:57:04+00:00","dateModified":"2023-02-27T17:59:52+00:00","breadcrumb":{"@id":"https:\/\/www.mtexpo.com.br\/es\/2023\/02\/27\/obras-puentes-uniran-brasil-con-uruguay-y-argentina\/#breadcrumb"},"inLanguage":"es-ES","potentialAction":[{"@type":"ReadAction","target":["https:\/\/www.mtexpo.com.br\/es\/2023\/02\/27\/obras-puentes-uniran-brasil-con-uruguay-y-argentina\/"]}]},{"@type":"BreadcrumbList","@id":"https:\/\/www.mtexpo.com.br\/es\/2023\/02\/27\/obras-puentes-uniran-brasil-con-uruguay-y-argentina\/#breadcrumb","itemListElement":[{"@type":"ListItem","position":1,"name":"In\u00edcio","item":"https:\/\/www.mtexpo.com.br\/es\/"},{"@type":"ListItem","position":2,"name":"Obras: puentes unir\u00e1n Brasil con Uruguay y Argentina\u202f"}]},{"@type":"WebSite","@id":"https:\/\/www.mtexpo.com.br\/es\/#website","url":"https:\/\/www.mtexpo.com.br\/es\/","name":"M&T Expo","description":"Part of bauma NETWORK","publisher":{"@id":"https:\/\/www.mtexpo.com.br\/es\/#organization"},"alternateName":"M&T Expo","potentialAction":[{"@type":"SearchAction","target":{"@type":"EntryPoint","urlTemplate":"https:\/\/www.mtexpo.com.br\/es\/?s={search_term_string}"},"query-input":"required name=search_term_string"}],"inLanguage":"es-ES"},{"@type":"Organization","@id":"https:\/\/www.mtexpo.com.br\/es\/#organization","name":"M&T Expo","alternateName":"M&T Expo","url":"https:\/\/www.mtexpo.com.br\/es\/","logo":{"@type":"ImageObject","inLanguage":"es-ES","@id":"https:\/\/www.mtexpo.com.br\/es\/#\/schema\/logo\/image\/","url":"https:\/\/www.mtexpo.com.br\/es\/wp-content\/uploads\/sites\/3\/2022\/12\/logo-MT-expo.svg","contentUrl":"https:\/\/www.mtexpo.com.br\/es\/wp-content\/uploads\/sites\/3\/2022\/12\/logo-MT-expo.svg","width":350,"height":70,"caption":"M&T Expo"},"image":{"@id":"https:\/\/www.mtexpo.com.br\/es\/#\/schema\/logo\/image\/"},"sameAs":["https:\/\/www.facebook.com\/feiramtexpo\/","https:\/\/www.youtube.com\/c\/mtexpofeira","https:\/\/www.instagram.com\/feiramtexpo\/"]},{"@type":"Person","@id":"https:\/\/www.mtexpo.com.br\/es\/#\/schema\/person\/335d1f123b404f4eeee3c77d3eff4bfd","name":"Yasmin Ribeiro","image":{"@type":"ImageObject","inLanguage":"es-ES","@id":"https:\/\/www.mtexpo.com.br\/es\/#\/schema\/person\/image\/","url":"https:\/\/secure.gravatar.com\/avatar\/bf734aef4167ed7e812cf407c1f725c9?s=96&d=mm&r=g","contentUrl":"https:\/\/secure.gravatar.com\/avatar\/bf734aef4167ed7e812cf407c1f725c9?s=96&d=mm&r=g","caption":"Yasmin Ribeiro"},"url":"https:\/\/www.mtexpo.com.br\/es\/author\/thiagobento\/"}]}},"_links":{"self":[{"href":"https:\/\/www.mtexpo.com.br\/es\/wp-json\/wp\/v2\/posts\/394"}],"collection":[{"href":"https:\/\/www.mtexpo.com.br\/es\/wp-json\/wp\/v2\/posts"}],"about":[{"href":"https:\/\/www.mtexpo.com.br\/es\/wp-json\/wp\/v2\/types\/post"}],"author":[{"embeddable":true,"href":"https:\/\/www.mtexpo.com.br\/es\/wp-json\/wp\/v2\/users\/7"}],"replies":[{"embeddable":true,"href":"https:\/\/www.mtexpo.com.br\/es\/wp-json\/wp\/v2\/comments?post=394"}],"version-history":[{"count":1,"href":"https:\/\/www.mtexpo.com.br\/es\/wp-json\/wp\/v2\/posts\/394\/revisions"}],"predecessor-version":[{"id":396,"href":"https:\/\/www.mtexpo.com.br\/es\/wp-json\/wp\/v2\/posts\/394\/revisions\/396"}],"wp:featuredmedia":[{"embeddable":true,"href":"https:\/\/www.mtexpo.com.br\/es\/wp-json\/wp\/v2\/media\/395"}],"wp:attachment":[{"href":"https:\/\/www.mtexpo.com.br\/es\/wp-json\/wp\/v2\/media?parent=394"}],"wp:term":[{"taxonomy":"category","embeddable":true,"href":"https:\/\/www.mtexpo.com.br\/es\/wp-json\/wp\/v2\/categories?post=394"},{"taxonomy":"post_tag","embeddable":true,"href":"https:\/\/www.mtexpo.com.br\/es\/wp-json\/wp\/v2\/tags?post=394"}],"curies":[{"name":"wp","href":"https:\/\/api.w.org\/{rel}","templated":true}]}}