{"id":404,"date":"2023-03-09T12:00:00","date_gmt":"2023-03-09T15:00:00","guid":{"rendered":"https:\/\/www.mtexpo.com.br\/es\/?p=404"},"modified":"2023-03-07T10:49:33","modified_gmt":"2023-03-07T13:49:33","slug":"obras-de-recuperacion-de-rn-151-avanzan-en-la-pampa-argentina","status":"publish","type":"post","link":"https:\/\/www.mtexpo.com.br\/es\/2023\/03\/09\/obras-de-recuperacion-de-rn-151-avanzan-en-la-pampa-argentina\/","title":{"rendered":"<strong>Obras de recuperaci\u00f3n de RN 151 avanzan en La Pampa, Argentina<\/strong>"},"content":{"rendered":"\n<p><em>Se har\u00e1 la remodelaci\u00f3n de una troncal y conexi\u00f3n con carreteras nacionales, que canalizan el tr\u00e1fico del pa\u00eds hacia zonas tur\u00edsticas<\/em><em><\/em><\/p>\n\n\n\n<p>Las obras de intervenci\u00f3n en la Ruta Nacional 151 avanzan, en La Pampa, Argentina, con la colocaci\u00f3n de masa asf\u00e1ltica en el tramo entre el Cruce del Desierto (Ruta Provincial 20) y la ciudad de Puel\u00e9n. De acuerdo con el Ministerio de Obras P\u00fablicas y Ruta Nacional del pa\u00eds, los trabajos tienen plazo total de 60 meses para ser ejecutados, con el objetivo de restablecer las condiciones de tr\u00e1fico y seguridad, as\u00ed como mantener la capacidad estructural de la ruta.<\/p>\n\n\n\n<p>Se trata de una carretera nacional relevante para la movilidad argentina, que pasa por un alto grado de degradaci\u00f3n que se viene produciendo a lo largo de d\u00e9cadas, entendido como una necesidad hist\u00f3rica que debe ser resuelta.<\/p>\n\n\n\n<p>Entre los trabajos, se har\u00e1 la remodelaci\u00f3n de la troncal con PR 20, localizada en el km 157,55, que constituye una de las conexiones a las rutas nacionales 152 y 35, responsables por canalizar el tr\u00e1fico del Norte y Oeste del pa\u00eds con zonas tur\u00edsticas, como San Mart\u00edn de los Andes y Bariloche, entre otras<\/p>\n\n\n\n<p>RN 151 est\u00e1 en el oeste de la provincia, con direcci\u00f3n sur-norte, comenzando en la frontera con la provincia de R\u00edo Negro y terminando en la troncal con RN 143, a 21 km de Santa Isabel, con desarrollo en la zona pampeana territorio de 166 km, cruzando los departamentos de Puel\u00e9n y Chical Co. La ruta RN 151 que cruza la Provincia de La Pampa compone un corredor nacional de gran importancia socioecon\u00f3mica con el \u00e1rea inmediata y a una amplia regi\u00f3n, en raz\u00f3n de los diferentes flujos de tr\u00e1fico a trav\u00e9s de dicha ruta.<\/p>\n","protected":false},"excerpt":{"rendered":"<p>Las obras de intervenci\u00f3n en la Ruta Nacional 151 avanzan, en La Pampa, Argentina, con la colocaci\u00f3n de masa asf\u00e1ltica en el tramo entre el Cruce del Desierto (Ruta Provincial 20) y la ciudad de Puel\u00e9n<\/p>\n","protected":false},"author":7,"featured_media":405,"comment_status":"open","ping_status":"open","sticky":false,"template":"","format":"standard","meta":[],"categories":[1],"tags":[],"acf":[],"yoast_head":"<!-- This site is optimized with the Yoast SEO plugin v20.8 - https:\/\/yoast.com\/wordpress\/plugins\/seo\/ -->\n<title>Obras de recuperaci\u00f3n de RN 151 avanzan en La Pampa, Argentina | M&amp;T Expo<\/title>\n<meta name=\"robots\" content=\"index, follow, max-snippet:-1, max-image-preview:large, max-video-preview:-1\" \/>\n<link rel=\"canonical\" href=\"https:\/\/www.mtexpo.com.br\/es\/2023\/03\/09\/obras-de-recuperacion-de-rn-151-avanzan-en-la-pampa-argentina\/\" \/>\n<meta property=\"og:locale\" content=\"es_ES\" \/>\n<meta property=\"og:type\" content=\"article\" \/>\n<meta property=\"og:title\" content=\"Obras de recuperaci\u00f3n de RN 151 avanzan en La Pampa, Argentina | M&amp;T Expo\" \/>\n<meta property=\"og:description\" content=\"Las obras de intervenci\u00f3n en la Ruta Nacional 151 avanzan, en La Pampa, Argentina, con la colocaci\u00f3n de masa asf\u00e1ltica en el tramo entre el Cruce del Desierto (Ruta Provincial 20) y la ciudad de Puel\u00e9n\" \/>\n<meta property=\"og:url\" content=\"https:\/\/www.mtexpo.com.br\/es\/2023\/03\/09\/obras-de-recuperacion-de-rn-151-avanzan-en-la-pampa-argentina\/\" \/>\n<meta property=\"og:site_name\" content=\"M&amp;T Expo - ES\" \/>\n<meta property=\"article:publisher\" content=\"https:\/\/www.facebook.com\/feiramtexpo\/\" \/>\n<meta property=\"article:published_time\" content=\"2023-03-09T15:00:00+00:00\" \/>\n<meta property=\"article:modified_time\" content=\"2023-03-07T13:49:33+00:00\" \/>\n<meta property=\"og:image\" content=\"https:\/\/www.mtexpo.com.br\/es\/wp-content\/uploads\/sites\/3\/2023\/03\/Design-sem-nome-9.jpg\" \/>\n\t<meta property=\"og:image:width\" content=\"1920\" \/>\n\t<meta property=\"og:image:height\" content=\"1306\" \/>\n\t<meta property=\"og:image:type\" content=\"image\/jpeg\" \/>\n<meta name=\"author\" content=\"Yasmin Ribeiro\" \/>\n<meta name=\"twitter:card\" content=\"summary_large_image\" \/>\n<meta name=\"twitter:label1\" content=\"Written by\" \/>\n\t<meta name=\"twitter:data1\" content=\"Yasmin Ribeiro\" \/>\n\t<meta name=\"twitter:label2\" content=\"Est. reading time\" \/>\n\t<meta name=\"twitter:data2\" content=\"2 minutes\" \/>\n<script type=\"application\/ld+json\" class=\"yoast-schema-graph\">{\"@context\":\"https:\/\/schema.org\",\"@graph\":[{\"@type\":\"Article\",\"@id\":\"https:\/\/www.mtexpo.com.br\/es\/2023\/03\/09\/obras-de-recuperacion-de-rn-151-avanzan-en-la-pampa-argentina\/#article\",\"isPartOf\":{\"@id\":\"https:\/\/www.mtexpo.com.br\/es\/2023\/03\/09\/obras-de-recuperacion-de-rn-151-avanzan-en-la-pampa-argentina\/\"},\"author\":{\"name\":\"Yasmin Ribeiro\",\"@id\":\"https:\/\/www.mtexpo.com.br\/es\/#\/schema\/person\/335d1f123b404f4eeee3c77d3eff4bfd\"},\"headline\":\"Obras de recuperaci\u00f3n de RN 151 avanzan en La Pampa, Argentina\",\"datePublished\":\"2023-03-09T15:00:00+00:00\",\"dateModified\":\"2023-03-07T13:49:33+00:00\",\"mainEntityOfPage\":{\"@id\":\"https:\/\/www.mtexpo.com.br\/es\/2023\/03\/09\/obras-de-recuperacion-de-rn-151-avanzan-en-la-pampa-argentina\/\"},\"wordCount\":315,\"commentCount\":0,\"publisher\":{\"@id\":\"https:\/\/www.mtexpo.com.br\/es\/#organization\"},\"articleSection\":[\"Sem categoria\"],\"inLanguage\":\"es-ES\",\"potentialAction\":[{\"@type\":\"CommentAction\",\"name\":\"Comment\",\"target\":[\"https:\/\/www.mtexpo.com.br\/es\/2023\/03\/09\/obras-de-recuperacion-de-rn-151-avanzan-en-la-pampa-argentina\/#respond\"]}]},{\"@type\":\"WebPage\",\"@id\":\"https:\/\/www.mtexpo.com.br\/es\/2023\/03\/09\/obras-de-recuperacion-de-rn-151-avanzan-en-la-pampa-argentina\/\",\"url\":\"https:\/\/www.mtexpo.com.br\/es\/2023\/03\/09\/obras-de-recuperacion-de-rn-151-avanzan-en-la-pampa-argentina\/\",\"name\":\"Obras de recuperaci\u00f3n de RN 151 avanzan en La Pampa, Argentina | M&T Expo\",\"isPartOf\":{\"@id\":\"https:\/\/www.mtexpo.com.br\/es\/#website\"},\"datePublished\":\"2023-03-09T15:00:00+00:00\",\"dateModified\":\"2023-03-07T13:49:33+00:00\",\"breadcrumb\":{\"@id\":\"https:\/\/www.mtexpo.com.br\/es\/2023\/03\/09\/obras-de-recuperacion-de-rn-151-avanzan-en-la-pampa-argentina\/#breadcrumb\"},\"inLanguage\":\"es-ES\",\"potentialAction\":[{\"@type\":\"ReadAction\",\"target\":[\"https:\/\/www.mtexpo.com.br\/es\/2023\/03\/09\/obras-de-recuperacion-de-rn-151-avanzan-en-la-pampa-argentina\/\"]}]},{\"@type\":\"BreadcrumbList\",\"@id\":\"https:\/\/www.mtexpo.com.br\/es\/2023\/03\/09\/obras-de-recuperacion-de-rn-151-avanzan-en-la-pampa-argentina\/#breadcrumb\",\"itemListElement\":[{\"@type\":\"ListItem\",\"position\":1,\"name\":\"In\u00edcio\",\"item\":\"https:\/\/www.mtexpo.com.br\/es\/\"},{\"@type\":\"ListItem\",\"position\":2,\"name\":\"Obras de recuperaci\u00f3n de RN 151 avanzan en La Pampa, Argentina\"}]},{\"@type\":\"WebSite\",\"@id\":\"https:\/\/www.mtexpo.com.br\/es\/#website\",\"url\":\"https:\/\/www.mtexpo.com.br\/es\/\",\"name\":\"M&T Expo\",\"description\":\"Part of bauma NETWORK\",\"publisher\":{\"@id\":\"https:\/\/www.mtexpo.com.br\/es\/#organization\"},\"alternateName\":\"M&T Expo\",\"potentialAction\":[{\"@type\":\"SearchAction\",\"target\":{\"@type\":\"EntryPoint\",\"urlTemplate\":\"https:\/\/www.mtexpo.com.br\/es\/?s={search_term_string}\"},\"query-input\":\"required name=search_term_string\"}],\"inLanguage\":\"es-ES\"},{\"@type\":\"Organization\",\"@id\":\"https:\/\/www.mtexpo.com.br\/es\/#organization\",\"name\":\"M&T Expo\",\"alternateName\":\"M&T Expo\",\"url\":\"https:\/\/www.mtexpo.com.br\/es\/\",\"logo\":{\"@type\":\"ImageObject\",\"inLanguage\":\"es-ES\",\"@id\":\"https:\/\/www.mtexpo.com.br\/es\/#\/schema\/logo\/image\/\",\"url\":\"https:\/\/www.mtexpo.com.br\/es\/wp-content\/uploads\/sites\/3\/2022\/12\/logo-MT-expo.svg\",\"contentUrl\":\"https:\/\/www.mtexpo.com.br\/es\/wp-content\/uploads\/sites\/3\/2022\/12\/logo-MT-expo.svg\",\"width\":350,\"height\":70,\"caption\":\"M&T Expo\"},\"image\":{\"@id\":\"https:\/\/www.mtexpo.com.br\/es\/#\/schema\/logo\/image\/\"},\"sameAs\":[\"https:\/\/www.facebook.com\/feiramtexpo\/\",\"https:\/\/www.youtube.com\/c\/mtexpofeira\",\"https:\/\/www.instagram.com\/feiramtexpo\/\"]},{\"@type\":\"Person\",\"@id\":\"https:\/\/www.mtexpo.com.br\/es\/#\/schema\/person\/335d1f123b404f4eeee3c77d3eff4bfd\",\"name\":\"Yasmin Ribeiro\",\"image\":{\"@type\":\"ImageObject\",\"inLanguage\":\"es-ES\",\"@id\":\"https:\/\/www.mtexpo.com.br\/es\/#\/schema\/person\/image\/\",\"url\":\"https:\/\/secure.gravatar.com\/avatar\/bf734aef4167ed7e812cf407c1f725c9?s=96&d=mm&r=g\",\"contentUrl\":\"https:\/\/secure.gravatar.com\/avatar\/bf734aef4167ed7e812cf407c1f725c9?s=96&d=mm&r=g\",\"caption\":\"Yasmin Ribeiro\"},\"url\":\"https:\/\/www.mtexpo.com.br\/es\/author\/thiagobento\/\"}]}<\/script>\n<!-- \/ Yoast SEO plugin. -->","yoast_head_json":{"title":"Obras de recuperaci\u00f3n de RN 151 avanzan en La Pampa, Argentina | M&T Expo","robots":{"index":"index","follow":"follow","max-snippet":"max-snippet:-1","max-image-preview":"max-image-preview:large","max-video-preview":"max-video-preview:-1"},"canonical":"https:\/\/www.mtexpo.com.br\/es\/2023\/03\/09\/obras-de-recuperacion-de-rn-151-avanzan-en-la-pampa-argentina\/","og_locale":"es_ES","og_type":"article","og_title":"Obras de recuperaci\u00f3n de RN 151 avanzan en La Pampa, Argentina | M&T Expo","og_description":"Las obras de intervenci\u00f3n en la Ruta Nacional 151 avanzan, en La Pampa, Argentina, con la colocaci\u00f3n de masa asf\u00e1ltica en el tramo entre el Cruce del Desierto (Ruta Provincial 20) y la ciudad de Puel\u00e9n","og_url":"https:\/\/www.mtexpo.com.br\/es\/2023\/03\/09\/obras-de-recuperacion-de-rn-151-avanzan-en-la-pampa-argentina\/","og_site_name":"M&amp;T Expo - ES","article_publisher":"https:\/\/www.facebook.com\/feiramtexpo\/","article_published_time":"2023-03-09T15:00:00+00:00","article_modified_time":"2023-03-07T13:49:33+00:00","og_image":[{"width":1920,"height":1306,"url":"https:\/\/www.mtexpo.com.br\/es\/wp-content\/uploads\/sites\/3\/2023\/03\/Design-sem-nome-9.jpg","type":"image\/jpeg"}],"author":"Yasmin Ribeiro","twitter_card":"summary_large_image","twitter_misc":{"Written by":"Yasmin Ribeiro","Est. reading time":"2 minutes"},"schema":{"@context":"https:\/\/schema.org","@graph":[{"@type":"Article","@id":"https:\/\/www.mtexpo.com.br\/es\/2023\/03\/09\/obras-de-recuperacion-de-rn-151-avanzan-en-la-pampa-argentina\/#article","isPartOf":{"@id":"https:\/\/www.mtexpo.com.br\/es\/2023\/03\/09\/obras-de-recuperacion-de-rn-151-avanzan-en-la-pampa-argentina\/"},"author":{"name":"Yasmin Ribeiro","@id":"https:\/\/www.mtexpo.com.br\/es\/#\/schema\/person\/335d1f123b404f4eeee3c77d3eff4bfd"},"headline":"Obras de recuperaci\u00f3n de RN 151 avanzan en La Pampa, Argentina","datePublished":"2023-03-09T15:00:00+00:00","dateModified":"2023-03-07T13:49:33+00:00","mainEntityOfPage":{"@id":"https:\/\/www.mtexpo.com.br\/es\/2023\/03\/09\/obras-de-recuperacion-de-rn-151-avanzan-en-la-pampa-argentina\/"},"wordCount":315,"commentCount":0,"publisher":{"@id":"https:\/\/www.mtexpo.com.br\/es\/#organization"},"articleSection":["Sem categoria"],"inLanguage":"es-ES","potentialAction":[{"@type":"CommentAction","name":"Comment","target":["https:\/\/www.mtexpo.com.br\/es\/2023\/03\/09\/obras-de-recuperacion-de-rn-151-avanzan-en-la-pampa-argentina\/#respond"]}]},{"@type":"WebPage","@id":"https:\/\/www.mtexpo.com.br\/es\/2023\/03\/09\/obras-de-recuperacion-de-rn-151-avanzan-en-la-pampa-argentina\/","url":"https:\/\/www.mtexpo.com.br\/es\/2023\/03\/09\/obras-de-recuperacion-de-rn-151-avanzan-en-la-pampa-argentina\/","name":"Obras de recuperaci\u00f3n de RN 151 avanzan en La Pampa, Argentina | M&T Expo","isPartOf":{"@id":"https:\/\/www.mtexpo.com.br\/es\/#website"},"datePublished":"2023-03-09T15:00:00+00:00","dateModified":"2023-03-07T13:49:33+00:00","breadcrumb":{"@id":"https:\/\/www.mtexpo.com.br\/es\/2023\/03\/09\/obras-de-recuperacion-de-rn-151-avanzan-en-la-pampa-argentina\/#breadcrumb"},"inLanguage":"es-ES","potentialAction":[{"@type":"ReadAction","target":["https:\/\/www.mtexpo.com.br\/es\/2023\/03\/09\/obras-de-recuperacion-de-rn-151-avanzan-en-la-pampa-argentina\/"]}]},{"@type":"BreadcrumbList","@id":"https:\/\/www.mtexpo.com.br\/es\/2023\/03\/09\/obras-de-recuperacion-de-rn-151-avanzan-en-la-pampa-argentina\/#breadcrumb","itemListElement":[{"@type":"ListItem","position":1,"name":"In\u00edcio","item":"https:\/\/www.mtexpo.com.br\/es\/"},{"@type":"ListItem","position":2,"name":"Obras de recuperaci\u00f3n de RN 151 avanzan en La Pampa, Argentina"}]},{"@type":"WebSite","@id":"https:\/\/www.mtexpo.com.br\/es\/#website","url":"https:\/\/www.mtexpo.com.br\/es\/","name":"M&T Expo","description":"Part of bauma NETWORK","publisher":{"@id":"https:\/\/www.mtexpo.com.br\/es\/#organization"},"alternateName":"M&T Expo","potentialAction":[{"@type":"SearchAction","target":{"@type":"EntryPoint","urlTemplate":"https:\/\/www.mtexpo.com.br\/es\/?s={search_term_string}"},"query-input":"required name=search_term_string"}],"inLanguage":"es-ES"},{"@type":"Organization","@id":"https:\/\/www.mtexpo.com.br\/es\/#organization","name":"M&T Expo","alternateName":"M&T Expo","url":"https:\/\/www.mtexpo.com.br\/es\/","logo":{"@type":"ImageObject","inLanguage":"es-ES","@id":"https:\/\/www.mtexpo.com.br\/es\/#\/schema\/logo\/image\/","url":"https:\/\/www.mtexpo.com.br\/es\/wp-content\/uploads\/sites\/3\/2022\/12\/logo-MT-expo.svg","contentUrl":"https:\/\/www.mtexpo.com.br\/es\/wp-content\/uploads\/sites\/3\/2022\/12\/logo-MT-expo.svg","width":350,"height":70,"caption":"M&T Expo"},"image":{"@id":"https:\/\/www.mtexpo.com.br\/es\/#\/schema\/logo\/image\/"},"sameAs":["https:\/\/www.facebook.com\/feiramtexpo\/","https:\/\/www.youtube.com\/c\/mtexpofeira","https:\/\/www.instagram.com\/feiramtexpo\/"]},{"@type":"Person","@id":"https:\/\/www.mtexpo.com.br\/es\/#\/schema\/person\/335d1f123b404f4eeee3c77d3eff4bfd","name":"Yasmin Ribeiro","image":{"@type":"ImageObject","inLanguage":"es-ES","@id":"https:\/\/www.mtexpo.com.br\/es\/#\/schema\/person\/image\/","url":"https:\/\/secure.gravatar.com\/avatar\/bf734aef4167ed7e812cf407c1f725c9?s=96&d=mm&r=g","contentUrl":"https:\/\/secure.gravatar.com\/avatar\/bf734aef4167ed7e812cf407c1f725c9?s=96&d=mm&r=g","caption":"Yasmin Ribeiro"},"url":"https:\/\/www.mtexpo.com.br\/es\/author\/thiagobento\/"}]}},"_links":{"self":[{"href":"https:\/\/www.mtexpo.com.br\/es\/wp-json\/wp\/v2\/posts\/404"}],"collection":[{"href":"https:\/\/www.mtexpo.com.br\/es\/wp-json\/wp\/v2\/posts"}],"about":[{"href":"https:\/\/www.mtexpo.com.br\/es\/wp-json\/wp\/v2\/types\/post"}],"author":[{"embeddable":true,"href":"https:\/\/www.mtexpo.com.br\/es\/wp-json\/wp\/v2\/users\/7"}],"replies":[{"embeddable":true,"href":"https:\/\/www.mtexpo.com.br\/es\/wp-json\/wp\/v2\/comments?post=404"}],"version-history":[{"count":1,"href":"https:\/\/www.mtexpo.com.br\/es\/wp-json\/wp\/v2\/posts\/404\/revisions"}],"predecessor-version":[{"id":406,"href":"https:\/\/www.mtexpo.com.br\/es\/wp-json\/wp\/v2\/posts\/404\/revisions\/406"}],"wp:featuredmedia":[{"embeddable":true,"href":"https:\/\/www.mtexpo.com.br\/es\/wp-json\/wp\/v2\/media\/405"}],"wp:attachment":[{"href":"https:\/\/www.mtexpo.com.br\/es\/wp-json\/wp\/v2\/media?parent=404"}],"wp:term":[{"taxonomy":"category","embeddable":true,"href":"https:\/\/www.mtexpo.com.br\/es\/wp-json\/wp\/v2\/categories?post=404"},{"taxonomy":"post_tag","embeddable":true,"href":"https:\/\/www.mtexpo.com.br\/es\/wp-json\/wp\/v2\/tags?post=404"}],"curies":[{"name":"wp","href":"https:\/\/api.w.org\/{rel}","templated":true}]}}