{"id":407,"date":"2023-03-07T12:00:00","date_gmt":"2023-03-07T15:00:00","guid":{"rendered":"https:\/\/www.mtexpo.com.br\/es\/?p=407"},"modified":"2023-03-07T10:52:17","modified_gmt":"2023-03-07T13:52:17","slug":"sergipe-tiene-los-km-iniciales-de-la-duplicacion-de-br-101-ruta-br-101","status":"publish","type":"post","link":"https:\/\/www.mtexpo.com.br\/es\/2023\/03\/07\/sergipe-tiene-los-km-iniciales-de-la-duplicacion-de-br-101-ruta-br-101\/","title":{"rendered":"<strong>Sergipe tiene los km iniciales de la duplicaci\u00f3n de BR-101 (Ruta BR-101)<\/strong>"},"content":{"rendered":"\n<p><em>Previsi\u00f3n de entrega de los siete primeros km todav\u00eda en el mes de abril, del contrato con conclusi\u00f3n calculada para 2024<\/em><em><\/em><\/p>\n\n\n\n<p>Departamento Nacional de Infraestructura de Transportes (DNIT) inici\u00f3 la duplicaci\u00f3n de 25,5 km de BR-101\/SE, con tramos que forman parte del Plan de Acciones de los 100 D\u00edas del Ministerio de Transportes. Hasta el momento, ya se duplicaron tramos del km 0 al km 51,8, entre los municipios de Propri\u00e1 y Carm\u00f3polis, y del km 77,3 al km 93,4, del trayecto que une los municipios de Nossa Senhora do Socorro y Laranjeiras.<\/p>\n\n\n\n<p>El tramo de 25,5 km en el tramo entre el km 51,8 al km 77,3, est\u00e1n en marcha y la entrega de los primeros siete km de este trayecto est\u00e1 prevista para abril de este a\u00f1o, en un contrato con la previsi\u00f3n de concluirse hasta fines de 2024, con inversiones de alrededor de R$ 180 millones.<\/p>\n\n\n\n<p>Y el trayecto entre la ciudad de Estancia (SE) hasta la divisa con Bahia, del km 151,1 al 206,1, todav\u00eda ser\u00e1 licitado, con previsi\u00f3n de inversiones de R$ 850 millones. Adem\u00e1s de la duplicaci\u00f3n, este segmento contempla la implantaci\u00f3n de nuevos contornos en los municipios de Estancia, Umba\u00faba y Cristin\u00e1polis, esto significa que la carretera dejar\u00e1 de pasar por adentro de las ciudades, ofreciendo m\u00e1s seguridad y facilidad en el tr\u00e1fico.<\/p>\n\n\n\n<p>BR-101\/SE conecta los estados del Nordeste, siendo la principal v\u00eda de conexi\u00f3n del Nordeste con la capital de Sergipe, la gran Aracaju. La carretera es fundamental para entregar las cosechas de ca\u00f1a de az\u00facar producidas en la regi\u00f3n, adem\u00e1s de ser el camino para la circulaci\u00f3n del mineral de hierro que viene de Bahia hasta el puerto de Sergipe.<em><\/em><\/p>\n","protected":false},"excerpt":{"rendered":"<p>Departamento Nacional de Infraestructura de Transportes (DNIT) inici\u00f3 la duplicaci\u00f3n de 25,5 km de BR-101\/SE<\/p>\n","protected":false},"author":7,"featured_media":408,"comment_status":"open","ping_status":"open","sticky":false,"template":"","format":"standard","meta":[],"categories":[12],"tags":[],"acf":[],"yoast_head":"<!-- This site is optimized with the Yoast SEO plugin v20.8 - https:\/\/yoast.com\/wordpress\/plugins\/seo\/ -->\n<title>Sergipe tiene los km iniciales de la duplicaci\u00f3n de BR-101 (Ruta BR-101) | M&amp;T Expo<\/title>\n<meta name=\"robots\" content=\"index, follow, max-snippet:-1, max-image-preview:large, max-video-preview:-1\" \/>\n<link rel=\"canonical\" href=\"https:\/\/www.mtexpo.com.br\/es\/2023\/03\/07\/sergipe-tiene-los-km-iniciales-de-la-duplicacion-de-br-101-ruta-br-101\/\" \/>\n<meta property=\"og:locale\" content=\"es_ES\" \/>\n<meta property=\"og:type\" content=\"article\" \/>\n<meta property=\"og:title\" content=\"Sergipe tiene los km iniciales de la duplicaci\u00f3n de BR-101 (Ruta BR-101) | M&amp;T Expo\" \/>\n<meta property=\"og:description\" content=\"Departamento Nacional de Infraestructura de Transportes (DNIT) inici\u00f3 la duplicaci\u00f3n de 25,5 km de BR-101\/SE\" \/>\n<meta property=\"og:url\" content=\"https:\/\/www.mtexpo.com.br\/es\/2023\/03\/07\/sergipe-tiene-los-km-iniciales-de-la-duplicacion-de-br-101-ruta-br-101\/\" \/>\n<meta property=\"og:site_name\" content=\"M&amp;T Expo - ES\" \/>\n<meta property=\"article:publisher\" content=\"https:\/\/www.facebook.com\/feiramtexpo\/\" \/>\n<meta property=\"article:published_time\" content=\"2023-03-07T15:00:00+00:00\" \/>\n<meta property=\"article:modified_time\" content=\"2023-03-07T13:52:17+00:00\" \/>\n<meta property=\"og:image\" content=\"https:\/\/www.mtexpo.com.br\/es\/wp-content\/uploads\/sites\/3\/2023\/03\/sergipe-2.jpg\" \/>\n\t<meta property=\"og:image:width\" content=\"1080\" \/>\n\t<meta property=\"og:image:height\" content=\"719\" \/>\n\t<meta property=\"og:image:type\" content=\"image\/jpeg\" \/>\n<meta name=\"author\" content=\"Yasmin Ribeiro\" \/>\n<meta name=\"twitter:card\" content=\"summary_large_image\" \/>\n<meta name=\"twitter:label1\" content=\"Written by\" \/>\n\t<meta name=\"twitter:data1\" content=\"Yasmin Ribeiro\" \/>\n\t<meta name=\"twitter:label2\" content=\"Est. reading time\" \/>\n\t<meta name=\"twitter:data2\" content=\"2 minutes\" \/>\n<script type=\"application\/ld+json\" class=\"yoast-schema-graph\">{\"@context\":\"https:\/\/schema.org\",\"@graph\":[{\"@type\":\"Article\",\"@id\":\"https:\/\/www.mtexpo.com.br\/es\/2023\/03\/07\/sergipe-tiene-los-km-iniciales-de-la-duplicacion-de-br-101-ruta-br-101\/#article\",\"isPartOf\":{\"@id\":\"https:\/\/www.mtexpo.com.br\/es\/2023\/03\/07\/sergipe-tiene-los-km-iniciales-de-la-duplicacion-de-br-101-ruta-br-101\/\"},\"author\":{\"name\":\"Yasmin Ribeiro\",\"@id\":\"https:\/\/www.mtexpo.com.br\/es\/#\/schema\/person\/335d1f123b404f4eeee3c77d3eff4bfd\"},\"headline\":\"Sergipe tiene los km iniciales de la duplicaci\u00f3n de BR-101 (Ruta BR-101)\",\"datePublished\":\"2023-03-07T15:00:00+00:00\",\"dateModified\":\"2023-03-07T13:52:17+00:00\",\"mainEntityOfPage\":{\"@id\":\"https:\/\/www.mtexpo.com.br\/es\/2023\/03\/07\/sergipe-tiene-los-km-iniciales-de-la-duplicacion-de-br-101-ruta-br-101\/\"},\"wordCount\":304,\"commentCount\":0,\"publisher\":{\"@id\":\"https:\/\/www.mtexpo.com.br\/es\/#organization\"},\"articleSection\":[\"Infraestructura\"],\"inLanguage\":\"es-ES\",\"potentialAction\":[{\"@type\":\"CommentAction\",\"name\":\"Comment\",\"target\":[\"https:\/\/www.mtexpo.com.br\/es\/2023\/03\/07\/sergipe-tiene-los-km-iniciales-de-la-duplicacion-de-br-101-ruta-br-101\/#respond\"]}]},{\"@type\":\"WebPage\",\"@id\":\"https:\/\/www.mtexpo.com.br\/es\/2023\/03\/07\/sergipe-tiene-los-km-iniciales-de-la-duplicacion-de-br-101-ruta-br-101\/\",\"url\":\"https:\/\/www.mtexpo.com.br\/es\/2023\/03\/07\/sergipe-tiene-los-km-iniciales-de-la-duplicacion-de-br-101-ruta-br-101\/\",\"name\":\"Sergipe tiene los km iniciales de la duplicaci\u00f3n de BR-101 (Ruta BR-101) | M&T Expo\",\"isPartOf\":{\"@id\":\"https:\/\/www.mtexpo.com.br\/es\/#website\"},\"datePublished\":\"2023-03-07T15:00:00+00:00\",\"dateModified\":\"2023-03-07T13:52:17+00:00\",\"breadcrumb\":{\"@id\":\"https:\/\/www.mtexpo.com.br\/es\/2023\/03\/07\/sergipe-tiene-los-km-iniciales-de-la-duplicacion-de-br-101-ruta-br-101\/#breadcrumb\"},\"inLanguage\":\"es-ES\",\"potentialAction\":[{\"@type\":\"ReadAction\",\"target\":[\"https:\/\/www.mtexpo.com.br\/es\/2023\/03\/07\/sergipe-tiene-los-km-iniciales-de-la-duplicacion-de-br-101-ruta-br-101\/\"]}]},{\"@type\":\"BreadcrumbList\",\"@id\":\"https:\/\/www.mtexpo.com.br\/es\/2023\/03\/07\/sergipe-tiene-los-km-iniciales-de-la-duplicacion-de-br-101-ruta-br-101\/#breadcrumb\",\"itemListElement\":[{\"@type\":\"ListItem\",\"position\":1,\"name\":\"In\u00edcio\",\"item\":\"https:\/\/www.mtexpo.com.br\/es\/\"},{\"@type\":\"ListItem\",\"position\":2,\"name\":\"Sergipe tiene los km iniciales de la duplicaci\u00f3n de BR-101 (Ruta BR-101)\"}]},{\"@type\":\"WebSite\",\"@id\":\"https:\/\/www.mtexpo.com.br\/es\/#website\",\"url\":\"https:\/\/www.mtexpo.com.br\/es\/\",\"name\":\"M&T Expo\",\"description\":\"Part of bauma NETWORK\",\"publisher\":{\"@id\":\"https:\/\/www.mtexpo.com.br\/es\/#organization\"},\"alternateName\":\"M&T Expo\",\"potentialAction\":[{\"@type\":\"SearchAction\",\"target\":{\"@type\":\"EntryPoint\",\"urlTemplate\":\"https:\/\/www.mtexpo.com.br\/es\/?s={search_term_string}\"},\"query-input\":\"required name=search_term_string\"}],\"inLanguage\":\"es-ES\"},{\"@type\":\"Organization\",\"@id\":\"https:\/\/www.mtexpo.com.br\/es\/#organization\",\"name\":\"M&T Expo\",\"alternateName\":\"M&T Expo\",\"url\":\"https:\/\/www.mtexpo.com.br\/es\/\",\"logo\":{\"@type\":\"ImageObject\",\"inLanguage\":\"es-ES\",\"@id\":\"https:\/\/www.mtexpo.com.br\/es\/#\/schema\/logo\/image\/\",\"url\":\"https:\/\/www.mtexpo.com.br\/es\/wp-content\/uploads\/sites\/3\/2022\/12\/logo-MT-expo.svg\",\"contentUrl\":\"https:\/\/www.mtexpo.com.br\/es\/wp-content\/uploads\/sites\/3\/2022\/12\/logo-MT-expo.svg\",\"width\":350,\"height\":70,\"caption\":\"M&T Expo\"},\"image\":{\"@id\":\"https:\/\/www.mtexpo.com.br\/es\/#\/schema\/logo\/image\/\"},\"sameAs\":[\"https:\/\/www.facebook.com\/feiramtexpo\/\",\"https:\/\/www.youtube.com\/c\/mtexpofeira\",\"https:\/\/www.instagram.com\/feiramtexpo\/\"]},{\"@type\":\"Person\",\"@id\":\"https:\/\/www.mtexpo.com.br\/es\/#\/schema\/person\/335d1f123b404f4eeee3c77d3eff4bfd\",\"name\":\"Yasmin Ribeiro\",\"image\":{\"@type\":\"ImageObject\",\"inLanguage\":\"es-ES\",\"@id\":\"https:\/\/www.mtexpo.com.br\/es\/#\/schema\/person\/image\/\",\"url\":\"https:\/\/secure.gravatar.com\/avatar\/bf734aef4167ed7e812cf407c1f725c9?s=96&d=mm&r=g\",\"contentUrl\":\"https:\/\/secure.gravatar.com\/avatar\/bf734aef4167ed7e812cf407c1f725c9?s=96&d=mm&r=g\",\"caption\":\"Yasmin Ribeiro\"},\"url\":\"https:\/\/www.mtexpo.com.br\/es\/author\/thiagobento\/\"}]}<\/script>\n<!-- \/ Yoast SEO plugin. -->","yoast_head_json":{"title":"Sergipe tiene los km iniciales de la duplicaci\u00f3n de BR-101 (Ruta BR-101) | M&T Expo","robots":{"index":"index","follow":"follow","max-snippet":"max-snippet:-1","max-image-preview":"max-image-preview:large","max-video-preview":"max-video-preview:-1"},"canonical":"https:\/\/www.mtexpo.com.br\/es\/2023\/03\/07\/sergipe-tiene-los-km-iniciales-de-la-duplicacion-de-br-101-ruta-br-101\/","og_locale":"es_ES","og_type":"article","og_title":"Sergipe tiene los km iniciales de la duplicaci\u00f3n de BR-101 (Ruta BR-101) | M&T Expo","og_description":"Departamento Nacional de Infraestructura de Transportes (DNIT) inici\u00f3 la duplicaci\u00f3n de 25,5 km de BR-101\/SE","og_url":"https:\/\/www.mtexpo.com.br\/es\/2023\/03\/07\/sergipe-tiene-los-km-iniciales-de-la-duplicacion-de-br-101-ruta-br-101\/","og_site_name":"M&amp;T Expo - ES","article_publisher":"https:\/\/www.facebook.com\/feiramtexpo\/","article_published_time":"2023-03-07T15:00:00+00:00","article_modified_time":"2023-03-07T13:52:17+00:00","og_image":[{"width":1080,"height":719,"url":"https:\/\/www.mtexpo.com.br\/es\/wp-content\/uploads\/sites\/3\/2023\/03\/sergipe-2.jpg","type":"image\/jpeg"}],"author":"Yasmin Ribeiro","twitter_card":"summary_large_image","twitter_misc":{"Written by":"Yasmin Ribeiro","Est. reading time":"2 minutes"},"schema":{"@context":"https:\/\/schema.org","@graph":[{"@type":"Article","@id":"https:\/\/www.mtexpo.com.br\/es\/2023\/03\/07\/sergipe-tiene-los-km-iniciales-de-la-duplicacion-de-br-101-ruta-br-101\/#article","isPartOf":{"@id":"https:\/\/www.mtexpo.com.br\/es\/2023\/03\/07\/sergipe-tiene-los-km-iniciales-de-la-duplicacion-de-br-101-ruta-br-101\/"},"author":{"name":"Yasmin Ribeiro","@id":"https:\/\/www.mtexpo.com.br\/es\/#\/schema\/person\/335d1f123b404f4eeee3c77d3eff4bfd"},"headline":"Sergipe tiene los km iniciales de la duplicaci\u00f3n de BR-101 (Ruta BR-101)","datePublished":"2023-03-07T15:00:00+00:00","dateModified":"2023-03-07T13:52:17+00:00","mainEntityOfPage":{"@id":"https:\/\/www.mtexpo.com.br\/es\/2023\/03\/07\/sergipe-tiene-los-km-iniciales-de-la-duplicacion-de-br-101-ruta-br-101\/"},"wordCount":304,"commentCount":0,"publisher":{"@id":"https:\/\/www.mtexpo.com.br\/es\/#organization"},"articleSection":["Infraestructura"],"inLanguage":"es-ES","potentialAction":[{"@type":"CommentAction","name":"Comment","target":["https:\/\/www.mtexpo.com.br\/es\/2023\/03\/07\/sergipe-tiene-los-km-iniciales-de-la-duplicacion-de-br-101-ruta-br-101\/#respond"]}]},{"@type":"WebPage","@id":"https:\/\/www.mtexpo.com.br\/es\/2023\/03\/07\/sergipe-tiene-los-km-iniciales-de-la-duplicacion-de-br-101-ruta-br-101\/","url":"https:\/\/www.mtexpo.com.br\/es\/2023\/03\/07\/sergipe-tiene-los-km-iniciales-de-la-duplicacion-de-br-101-ruta-br-101\/","name":"Sergipe tiene los km iniciales de la duplicaci\u00f3n de BR-101 (Ruta BR-101) | M&T Expo","isPartOf":{"@id":"https:\/\/www.mtexpo.com.br\/es\/#website"},"datePublished":"2023-03-07T15:00:00+00:00","dateModified":"2023-03-07T13:52:17+00:00","breadcrumb":{"@id":"https:\/\/www.mtexpo.com.br\/es\/2023\/03\/07\/sergipe-tiene-los-km-iniciales-de-la-duplicacion-de-br-101-ruta-br-101\/#breadcrumb"},"inLanguage":"es-ES","potentialAction":[{"@type":"ReadAction","target":["https:\/\/www.mtexpo.com.br\/es\/2023\/03\/07\/sergipe-tiene-los-km-iniciales-de-la-duplicacion-de-br-101-ruta-br-101\/"]}]},{"@type":"BreadcrumbList","@id":"https:\/\/www.mtexpo.com.br\/es\/2023\/03\/07\/sergipe-tiene-los-km-iniciales-de-la-duplicacion-de-br-101-ruta-br-101\/#breadcrumb","itemListElement":[{"@type":"ListItem","position":1,"name":"In\u00edcio","item":"https:\/\/www.mtexpo.com.br\/es\/"},{"@type":"ListItem","position":2,"name":"Sergipe tiene los km iniciales de la duplicaci\u00f3n de BR-101 (Ruta BR-101)"}]},{"@type":"WebSite","@id":"https:\/\/www.mtexpo.com.br\/es\/#website","url":"https:\/\/www.mtexpo.com.br\/es\/","name":"M&T Expo","description":"Part of bauma NETWORK","publisher":{"@id":"https:\/\/www.mtexpo.com.br\/es\/#organization"},"alternateName":"M&T Expo","potentialAction":[{"@type":"SearchAction","target":{"@type":"EntryPoint","urlTemplate":"https:\/\/www.mtexpo.com.br\/es\/?s={search_term_string}"},"query-input":"required name=search_term_string"}],"inLanguage":"es-ES"},{"@type":"Organization","@id":"https:\/\/www.mtexpo.com.br\/es\/#organization","name":"M&T Expo","alternateName":"M&T Expo","url":"https:\/\/www.mtexpo.com.br\/es\/","logo":{"@type":"ImageObject","inLanguage":"es-ES","@id":"https:\/\/www.mtexpo.com.br\/es\/#\/schema\/logo\/image\/","url":"https:\/\/www.mtexpo.com.br\/es\/wp-content\/uploads\/sites\/3\/2022\/12\/logo-MT-expo.svg","contentUrl":"https:\/\/www.mtexpo.com.br\/es\/wp-content\/uploads\/sites\/3\/2022\/12\/logo-MT-expo.svg","width":350,"height":70,"caption":"M&T Expo"},"image":{"@id":"https:\/\/www.mtexpo.com.br\/es\/#\/schema\/logo\/image\/"},"sameAs":["https:\/\/www.facebook.com\/feiramtexpo\/","https:\/\/www.youtube.com\/c\/mtexpofeira","https:\/\/www.instagram.com\/feiramtexpo\/"]},{"@type":"Person","@id":"https:\/\/www.mtexpo.com.br\/es\/#\/schema\/person\/335d1f123b404f4eeee3c77d3eff4bfd","name":"Yasmin Ribeiro","image":{"@type":"ImageObject","inLanguage":"es-ES","@id":"https:\/\/www.mtexpo.com.br\/es\/#\/schema\/person\/image\/","url":"https:\/\/secure.gravatar.com\/avatar\/bf734aef4167ed7e812cf407c1f725c9?s=96&d=mm&r=g","contentUrl":"https:\/\/secure.gravatar.com\/avatar\/bf734aef4167ed7e812cf407c1f725c9?s=96&d=mm&r=g","caption":"Yasmin Ribeiro"},"url":"https:\/\/www.mtexpo.com.br\/es\/author\/thiagobento\/"}]}},"_links":{"self":[{"href":"https:\/\/www.mtexpo.com.br\/es\/wp-json\/wp\/v2\/posts\/407"}],"collection":[{"href":"https:\/\/www.mtexpo.com.br\/es\/wp-json\/wp\/v2\/posts"}],"about":[{"href":"https:\/\/www.mtexpo.com.br\/es\/wp-json\/wp\/v2\/types\/post"}],"author":[{"embeddable":true,"href":"https:\/\/www.mtexpo.com.br\/es\/wp-json\/wp\/v2\/users\/7"}],"replies":[{"embeddable":true,"href":"https:\/\/www.mtexpo.com.br\/es\/wp-json\/wp\/v2\/comments?post=407"}],"version-history":[{"count":1,"href":"https:\/\/www.mtexpo.com.br\/es\/wp-json\/wp\/v2\/posts\/407\/revisions"}],"predecessor-version":[{"id":409,"href":"https:\/\/www.mtexpo.com.br\/es\/wp-json\/wp\/v2\/posts\/407\/revisions\/409"}],"wp:featuredmedia":[{"embeddable":true,"href":"https:\/\/www.mtexpo.com.br\/es\/wp-json\/wp\/v2\/media\/408"}],"wp:attachment":[{"href":"https:\/\/www.mtexpo.com.br\/es\/wp-json\/wp\/v2\/media?parent=407"}],"wp:term":[{"taxonomy":"category","embeddable":true,"href":"https:\/\/www.mtexpo.com.br\/es\/wp-json\/wp\/v2\/categories?post=407"},{"taxonomy":"post_tag","embeddable":true,"href":"https:\/\/www.mtexpo.com.br\/es\/wp-json\/wp\/v2\/tags?post=407"}],"curies":[{"name":"wp","href":"https:\/\/api.w.org\/{rel}","templated":true}]}}