{"id":438,"date":"2023-03-14T08:00:00","date_gmt":"2023-03-14T11:00:00","guid":{"rendered":"https:\/\/www.mtexpo.com.br\/es\/?p=438"},"modified":"2023-03-10T09:54:28","modified_gmt":"2023-03-10T12:54:28","slug":"el-gobierno-relanzara-el-pac-priorizara-las-obras-verdes-y-utilizara-una-aplicacion-como-aliada","status":"publish","type":"post","link":"https:\/\/www.mtexpo.com.br\/es\/2023\/03\/14\/el-gobierno-relanzara-el-pac-priorizara-las-obras-verdes-y-utilizara-una-aplicacion-como-aliada\/","title":{"rendered":"<strong>El Gobierno relanzar\u00e1 el PAC, priorizar\u00e1 las obras &#8220;verdes&#8221; y utilizar\u00e1 una aplicaci\u00f3n como aliada<\/strong><strong><\/strong>"},"content":{"rendered":"\n<p><em>Estados y municipios podr\u00e1n enviar datos actualizados al gobierno federal, para informar sobre proyectos suspendidos o retrasados<\/em><em><\/em><\/p>\n\n\n\n<p>El nuevo PAC (Programa de Aceleraci\u00f3n del Crecimiento) debe ser lanzado por el gobierno a finales de abril y dar\u00e1 prioridad a los llamados &#8220;proyectos verdes&#8221;, en el escrutinio de los proyectos con mayor probabilidad de integrar el plan de inversiones. Entre los sectores preferidos figura el saneamiento, en vista del objetivo de universalizaci\u00f3n.<\/p>\n\n\n\n<p>Por ello, se lanzar\u00e1 una aplicaci\u00f3n para que los estados y municipios puedan enviar al gobierno federal informaci\u00f3n sobre los proyectos paralizados o retrasados.&nbsp;De un total de 417 proyectos demandados por los estados, cerca de 136 son obras viales, como duplicaci\u00f3n y pavimentaci\u00f3n de carreteras, pero hay decenas de proyectos de infraestructura, puertos, aeropuertos, salud y educaci\u00f3n. Sin embargo, el gobierno inform\u00f3 que los proyectos modales &#8220;verdes&#8221; tendr\u00e1n m\u00e1s \u00e9nfasis en el plan, como ferrocarriles y v\u00edas fluviales.<\/p>\n\n\n\n<p>De esta forma, los estados y municipios podr\u00e1n validar la informaci\u00f3n para tener una referencia de cu\u00e1les son las obras paradas en el pa\u00eds, cu\u00e1les est\u00e1n a ritmo lento, el grado de ejecuci\u00f3n, si es posible o no retomarlas. La idea ser\u00e1 filtrar lo que se recibe de los gobernadores y fusionar lo que se apruebe de estos rubros con la reanudaci\u00f3n de diversas obras del gobierno anterior.<\/p>\n\n\n\n<p>Por: Santelmo Camilo<\/p>\n","protected":false},"excerpt":{"rendered":"<p>El nuevo PAC (Programa de Aceleraci\u00f3n del Crecimiento) debe ser lanzado por el gobierno a finales de abril<\/p>\n","protected":false},"author":7,"featured_media":439,"comment_status":"open","ping_status":"open","sticky":false,"template":"","format":"standard","meta":[],"categories":[12],"tags":[],"acf":[],"yoast_head":"<!-- This site is optimized with the Yoast SEO plugin v20.8 - https:\/\/yoast.com\/wordpress\/plugins\/seo\/ -->\n<title>El Gobierno relanzar\u00e1 el PAC, priorizar\u00e1 las obras &quot;verdes&quot; y utilizar\u00e1 una aplicaci\u00f3n como aliada | M&amp;T Expo<\/title>\n<meta name=\"robots\" content=\"index, follow, max-snippet:-1, max-image-preview:large, max-video-preview:-1\" \/>\n<link rel=\"canonical\" href=\"https:\/\/www.mtexpo.com.br\/es\/2023\/03\/14\/el-gobierno-relanzara-el-pac-priorizara-las-obras-verdes-y-utilizara-una-aplicacion-como-aliada\/\" \/>\n<meta property=\"og:locale\" content=\"es_ES\" \/>\n<meta property=\"og:type\" content=\"article\" \/>\n<meta property=\"og:title\" content=\"El Gobierno relanzar\u00e1 el PAC, priorizar\u00e1 las obras &quot;verdes&quot; y utilizar\u00e1 una aplicaci\u00f3n como aliada | M&amp;T Expo\" \/>\n<meta property=\"og:description\" content=\"El nuevo PAC (Programa de Aceleraci\u00f3n del Crecimiento) debe ser lanzado por el gobierno a finales de abril\" \/>\n<meta property=\"og:url\" content=\"https:\/\/www.mtexpo.com.br\/es\/2023\/03\/14\/el-gobierno-relanzara-el-pac-priorizara-las-obras-verdes-y-utilizara-una-aplicacion-como-aliada\/\" \/>\n<meta property=\"og:site_name\" content=\"M&amp;T Expo - ES\" \/>\n<meta property=\"article:publisher\" content=\"https:\/\/www.facebook.com\/feiramtexpo\/\" \/>\n<meta property=\"article:published_time\" content=\"2023-03-14T11:00:00+00:00\" \/>\n<meta property=\"article:modified_time\" content=\"2023-03-10T12:54:28+00:00\" \/>\n<meta property=\"og:image\" content=\"https:\/\/www.mtexpo.com.br\/es\/wp-content\/uploads\/sites\/3\/2023\/03\/Design-sem-nome-11.jpg\" \/>\n\t<meta property=\"og:image:width\" content=\"1920\" \/>\n\t<meta property=\"og:image:height\" content=\"1306\" \/>\n\t<meta property=\"og:image:type\" content=\"image\/jpeg\" \/>\n<meta name=\"author\" content=\"Yasmin Ribeiro\" \/>\n<meta name=\"twitter:card\" content=\"summary_large_image\" \/>\n<meta name=\"twitter:label1\" content=\"Written by\" \/>\n\t<meta name=\"twitter:data1\" content=\"Yasmin Ribeiro\" \/>\n\t<meta name=\"twitter:label2\" content=\"Est. reading time\" \/>\n\t<meta name=\"twitter:data2\" content=\"2 minutes\" \/>\n<script type=\"application\/ld+json\" class=\"yoast-schema-graph\">{\"@context\":\"https:\/\/schema.org\",\"@graph\":[{\"@type\":\"Article\",\"@id\":\"https:\/\/www.mtexpo.com.br\/es\/2023\/03\/14\/el-gobierno-relanzara-el-pac-priorizara-las-obras-verdes-y-utilizara-una-aplicacion-como-aliada\/#article\",\"isPartOf\":{\"@id\":\"https:\/\/www.mtexpo.com.br\/es\/2023\/03\/14\/el-gobierno-relanzara-el-pac-priorizara-las-obras-verdes-y-utilizara-una-aplicacion-como-aliada\/\"},\"author\":{\"name\":\"Yasmin Ribeiro\",\"@id\":\"https:\/\/www.mtexpo.com.br\/es\/#\/schema\/person\/335d1f123b404f4eeee3c77d3eff4bfd\"},\"headline\":\"El Gobierno relanzar\u00e1 el PAC, priorizar\u00e1 las obras &#8220;verdes&#8221; y utilizar\u00e1 una aplicaci\u00f3n como aliada\",\"datePublished\":\"2023-03-14T11:00:00+00:00\",\"dateModified\":\"2023-03-10T12:54:28+00:00\",\"mainEntityOfPage\":{\"@id\":\"https:\/\/www.mtexpo.com.br\/es\/2023\/03\/14\/el-gobierno-relanzara-el-pac-priorizara-las-obras-verdes-y-utilizara-una-aplicacion-como-aliada\/\"},\"wordCount\":255,\"commentCount\":0,\"publisher\":{\"@id\":\"https:\/\/www.mtexpo.com.br\/es\/#organization\"},\"articleSection\":[\"Infraestructura\"],\"inLanguage\":\"es-ES\",\"potentialAction\":[{\"@type\":\"CommentAction\",\"name\":\"Comment\",\"target\":[\"https:\/\/www.mtexpo.com.br\/es\/2023\/03\/14\/el-gobierno-relanzara-el-pac-priorizara-las-obras-verdes-y-utilizara-una-aplicacion-como-aliada\/#respond\"]}]},{\"@type\":\"WebPage\",\"@id\":\"https:\/\/www.mtexpo.com.br\/es\/2023\/03\/14\/el-gobierno-relanzara-el-pac-priorizara-las-obras-verdes-y-utilizara-una-aplicacion-como-aliada\/\",\"url\":\"https:\/\/www.mtexpo.com.br\/es\/2023\/03\/14\/el-gobierno-relanzara-el-pac-priorizara-las-obras-verdes-y-utilizara-una-aplicacion-como-aliada\/\",\"name\":\"El Gobierno relanzar\u00e1 el PAC, priorizar\u00e1 las obras \\\"verdes\\\" y utilizar\u00e1 una aplicaci\u00f3n como aliada | M&T Expo\",\"isPartOf\":{\"@id\":\"https:\/\/www.mtexpo.com.br\/es\/#website\"},\"datePublished\":\"2023-03-14T11:00:00+00:00\",\"dateModified\":\"2023-03-10T12:54:28+00:00\",\"breadcrumb\":{\"@id\":\"https:\/\/www.mtexpo.com.br\/es\/2023\/03\/14\/el-gobierno-relanzara-el-pac-priorizara-las-obras-verdes-y-utilizara-una-aplicacion-como-aliada\/#breadcrumb\"},\"inLanguage\":\"es-ES\",\"potentialAction\":[{\"@type\":\"ReadAction\",\"target\":[\"https:\/\/www.mtexpo.com.br\/es\/2023\/03\/14\/el-gobierno-relanzara-el-pac-priorizara-las-obras-verdes-y-utilizara-una-aplicacion-como-aliada\/\"]}]},{\"@type\":\"BreadcrumbList\",\"@id\":\"https:\/\/www.mtexpo.com.br\/es\/2023\/03\/14\/el-gobierno-relanzara-el-pac-priorizara-las-obras-verdes-y-utilizara-una-aplicacion-como-aliada\/#breadcrumb\",\"itemListElement\":[{\"@type\":\"ListItem\",\"position\":1,\"name\":\"In\u00edcio\",\"item\":\"https:\/\/www.mtexpo.com.br\/es\/\"},{\"@type\":\"ListItem\",\"position\":2,\"name\":\"El Gobierno relanzar\u00e1 el PAC, priorizar\u00e1 las obras &#8220;verdes&#8221; y utilizar\u00e1 una aplicaci\u00f3n como aliada\"}]},{\"@type\":\"WebSite\",\"@id\":\"https:\/\/www.mtexpo.com.br\/es\/#website\",\"url\":\"https:\/\/www.mtexpo.com.br\/es\/\",\"name\":\"M&T Expo\",\"description\":\"Part of bauma NETWORK\",\"publisher\":{\"@id\":\"https:\/\/www.mtexpo.com.br\/es\/#organization\"},\"alternateName\":\"M&T Expo\",\"potentialAction\":[{\"@type\":\"SearchAction\",\"target\":{\"@type\":\"EntryPoint\",\"urlTemplate\":\"https:\/\/www.mtexpo.com.br\/es\/?s={search_term_string}\"},\"query-input\":\"required name=search_term_string\"}],\"inLanguage\":\"es-ES\"},{\"@type\":\"Organization\",\"@id\":\"https:\/\/www.mtexpo.com.br\/es\/#organization\",\"name\":\"M&T Expo\",\"alternateName\":\"M&T Expo\",\"url\":\"https:\/\/www.mtexpo.com.br\/es\/\",\"logo\":{\"@type\":\"ImageObject\",\"inLanguage\":\"es-ES\",\"@id\":\"https:\/\/www.mtexpo.com.br\/es\/#\/schema\/logo\/image\/\",\"url\":\"https:\/\/www.mtexpo.com.br\/es\/wp-content\/uploads\/sites\/3\/2022\/12\/logo-MT-expo.svg\",\"contentUrl\":\"https:\/\/www.mtexpo.com.br\/es\/wp-content\/uploads\/sites\/3\/2022\/12\/logo-MT-expo.svg\",\"width\":350,\"height\":70,\"caption\":\"M&T Expo\"},\"image\":{\"@id\":\"https:\/\/www.mtexpo.com.br\/es\/#\/schema\/logo\/image\/\"},\"sameAs\":[\"https:\/\/www.facebook.com\/feiramtexpo\/\",\"https:\/\/www.youtube.com\/c\/mtexpofeira\",\"https:\/\/www.instagram.com\/feiramtexpo\/\"]},{\"@type\":\"Person\",\"@id\":\"https:\/\/www.mtexpo.com.br\/es\/#\/schema\/person\/335d1f123b404f4eeee3c77d3eff4bfd\",\"name\":\"Yasmin Ribeiro\",\"image\":{\"@type\":\"ImageObject\",\"inLanguage\":\"es-ES\",\"@id\":\"https:\/\/www.mtexpo.com.br\/es\/#\/schema\/person\/image\/\",\"url\":\"https:\/\/secure.gravatar.com\/avatar\/bf734aef4167ed7e812cf407c1f725c9?s=96&d=mm&r=g\",\"contentUrl\":\"https:\/\/secure.gravatar.com\/avatar\/bf734aef4167ed7e812cf407c1f725c9?s=96&d=mm&r=g\",\"caption\":\"Yasmin Ribeiro\"},\"url\":\"https:\/\/www.mtexpo.com.br\/es\/author\/thiagobento\/\"}]}<\/script>\n<!-- \/ Yoast SEO plugin. -->","yoast_head_json":{"title":"El Gobierno relanzar\u00e1 el PAC, priorizar\u00e1 las obras \"verdes\" y utilizar\u00e1 una aplicaci\u00f3n como aliada | M&T Expo","robots":{"index":"index","follow":"follow","max-snippet":"max-snippet:-1","max-image-preview":"max-image-preview:large","max-video-preview":"max-video-preview:-1"},"canonical":"https:\/\/www.mtexpo.com.br\/es\/2023\/03\/14\/el-gobierno-relanzara-el-pac-priorizara-las-obras-verdes-y-utilizara-una-aplicacion-como-aliada\/","og_locale":"es_ES","og_type":"article","og_title":"El Gobierno relanzar\u00e1 el PAC, priorizar\u00e1 las obras \"verdes\" y utilizar\u00e1 una aplicaci\u00f3n como aliada | M&T Expo","og_description":"El nuevo PAC (Programa de Aceleraci\u00f3n del Crecimiento) debe ser lanzado por el gobierno a finales de abril","og_url":"https:\/\/www.mtexpo.com.br\/es\/2023\/03\/14\/el-gobierno-relanzara-el-pac-priorizara-las-obras-verdes-y-utilizara-una-aplicacion-como-aliada\/","og_site_name":"M&amp;T Expo - ES","article_publisher":"https:\/\/www.facebook.com\/feiramtexpo\/","article_published_time":"2023-03-14T11:00:00+00:00","article_modified_time":"2023-03-10T12:54:28+00:00","og_image":[{"width":1920,"height":1306,"url":"https:\/\/www.mtexpo.com.br\/es\/wp-content\/uploads\/sites\/3\/2023\/03\/Design-sem-nome-11.jpg","type":"image\/jpeg"}],"author":"Yasmin Ribeiro","twitter_card":"summary_large_image","twitter_misc":{"Written by":"Yasmin Ribeiro","Est. reading time":"2 minutes"},"schema":{"@context":"https:\/\/schema.org","@graph":[{"@type":"Article","@id":"https:\/\/www.mtexpo.com.br\/es\/2023\/03\/14\/el-gobierno-relanzara-el-pac-priorizara-las-obras-verdes-y-utilizara-una-aplicacion-como-aliada\/#article","isPartOf":{"@id":"https:\/\/www.mtexpo.com.br\/es\/2023\/03\/14\/el-gobierno-relanzara-el-pac-priorizara-las-obras-verdes-y-utilizara-una-aplicacion-como-aliada\/"},"author":{"name":"Yasmin Ribeiro","@id":"https:\/\/www.mtexpo.com.br\/es\/#\/schema\/person\/335d1f123b404f4eeee3c77d3eff4bfd"},"headline":"El Gobierno relanzar\u00e1 el PAC, priorizar\u00e1 las obras &#8220;verdes&#8221; y utilizar\u00e1 una aplicaci\u00f3n como aliada","datePublished":"2023-03-14T11:00:00+00:00","dateModified":"2023-03-10T12:54:28+00:00","mainEntityOfPage":{"@id":"https:\/\/www.mtexpo.com.br\/es\/2023\/03\/14\/el-gobierno-relanzara-el-pac-priorizara-las-obras-verdes-y-utilizara-una-aplicacion-como-aliada\/"},"wordCount":255,"commentCount":0,"publisher":{"@id":"https:\/\/www.mtexpo.com.br\/es\/#organization"},"articleSection":["Infraestructura"],"inLanguage":"es-ES","potentialAction":[{"@type":"CommentAction","name":"Comment","target":["https:\/\/www.mtexpo.com.br\/es\/2023\/03\/14\/el-gobierno-relanzara-el-pac-priorizara-las-obras-verdes-y-utilizara-una-aplicacion-como-aliada\/#respond"]}]},{"@type":"WebPage","@id":"https:\/\/www.mtexpo.com.br\/es\/2023\/03\/14\/el-gobierno-relanzara-el-pac-priorizara-las-obras-verdes-y-utilizara-una-aplicacion-como-aliada\/","url":"https:\/\/www.mtexpo.com.br\/es\/2023\/03\/14\/el-gobierno-relanzara-el-pac-priorizara-las-obras-verdes-y-utilizara-una-aplicacion-como-aliada\/","name":"El Gobierno relanzar\u00e1 el PAC, priorizar\u00e1 las obras \"verdes\" y utilizar\u00e1 una aplicaci\u00f3n como aliada | M&T Expo","isPartOf":{"@id":"https:\/\/www.mtexpo.com.br\/es\/#website"},"datePublished":"2023-03-14T11:00:00+00:00","dateModified":"2023-03-10T12:54:28+00:00","breadcrumb":{"@id":"https:\/\/www.mtexpo.com.br\/es\/2023\/03\/14\/el-gobierno-relanzara-el-pac-priorizara-las-obras-verdes-y-utilizara-una-aplicacion-como-aliada\/#breadcrumb"},"inLanguage":"es-ES","potentialAction":[{"@type":"ReadAction","target":["https:\/\/www.mtexpo.com.br\/es\/2023\/03\/14\/el-gobierno-relanzara-el-pac-priorizara-las-obras-verdes-y-utilizara-una-aplicacion-como-aliada\/"]}]},{"@type":"BreadcrumbList","@id":"https:\/\/www.mtexpo.com.br\/es\/2023\/03\/14\/el-gobierno-relanzara-el-pac-priorizara-las-obras-verdes-y-utilizara-una-aplicacion-como-aliada\/#breadcrumb","itemListElement":[{"@type":"ListItem","position":1,"name":"In\u00edcio","item":"https:\/\/www.mtexpo.com.br\/es\/"},{"@type":"ListItem","position":2,"name":"El Gobierno relanzar\u00e1 el PAC, priorizar\u00e1 las obras &#8220;verdes&#8221; y utilizar\u00e1 una aplicaci\u00f3n como aliada"}]},{"@type":"WebSite","@id":"https:\/\/www.mtexpo.com.br\/es\/#website","url":"https:\/\/www.mtexpo.com.br\/es\/","name":"M&T Expo","description":"Part of bauma NETWORK","publisher":{"@id":"https:\/\/www.mtexpo.com.br\/es\/#organization"},"alternateName":"M&T Expo","potentialAction":[{"@type":"SearchAction","target":{"@type":"EntryPoint","urlTemplate":"https:\/\/www.mtexpo.com.br\/es\/?s={search_term_string}"},"query-input":"required name=search_term_string"}],"inLanguage":"es-ES"},{"@type":"Organization","@id":"https:\/\/www.mtexpo.com.br\/es\/#organization","name":"M&T Expo","alternateName":"M&T Expo","url":"https:\/\/www.mtexpo.com.br\/es\/","logo":{"@type":"ImageObject","inLanguage":"es-ES","@id":"https:\/\/www.mtexpo.com.br\/es\/#\/schema\/logo\/image\/","url":"https:\/\/www.mtexpo.com.br\/es\/wp-content\/uploads\/sites\/3\/2022\/12\/logo-MT-expo.svg","contentUrl":"https:\/\/www.mtexpo.com.br\/es\/wp-content\/uploads\/sites\/3\/2022\/12\/logo-MT-expo.svg","width":350,"height":70,"caption":"M&T Expo"},"image":{"@id":"https:\/\/www.mtexpo.com.br\/es\/#\/schema\/logo\/image\/"},"sameAs":["https:\/\/www.facebook.com\/feiramtexpo\/","https:\/\/www.youtube.com\/c\/mtexpofeira","https:\/\/www.instagram.com\/feiramtexpo\/"]},{"@type":"Person","@id":"https:\/\/www.mtexpo.com.br\/es\/#\/schema\/person\/335d1f123b404f4eeee3c77d3eff4bfd","name":"Yasmin Ribeiro","image":{"@type":"ImageObject","inLanguage":"es-ES","@id":"https:\/\/www.mtexpo.com.br\/es\/#\/schema\/person\/image\/","url":"https:\/\/secure.gravatar.com\/avatar\/bf734aef4167ed7e812cf407c1f725c9?s=96&d=mm&r=g","contentUrl":"https:\/\/secure.gravatar.com\/avatar\/bf734aef4167ed7e812cf407c1f725c9?s=96&d=mm&r=g","caption":"Yasmin Ribeiro"},"url":"https:\/\/www.mtexpo.com.br\/es\/author\/thiagobento\/"}]}},"_links":{"self":[{"href":"https:\/\/www.mtexpo.com.br\/es\/wp-json\/wp\/v2\/posts\/438"}],"collection":[{"href":"https:\/\/www.mtexpo.com.br\/es\/wp-json\/wp\/v2\/posts"}],"about":[{"href":"https:\/\/www.mtexpo.com.br\/es\/wp-json\/wp\/v2\/types\/post"}],"author":[{"embeddable":true,"href":"https:\/\/www.mtexpo.com.br\/es\/wp-json\/wp\/v2\/users\/7"}],"replies":[{"embeddable":true,"href":"https:\/\/www.mtexpo.com.br\/es\/wp-json\/wp\/v2\/comments?post=438"}],"version-history":[{"count":1,"href":"https:\/\/www.mtexpo.com.br\/es\/wp-json\/wp\/v2\/posts\/438\/revisions"}],"predecessor-version":[{"id":440,"href":"https:\/\/www.mtexpo.com.br\/es\/wp-json\/wp\/v2\/posts\/438\/revisions\/440"}],"wp:featuredmedia":[{"embeddable":true,"href":"https:\/\/www.mtexpo.com.br\/es\/wp-json\/wp\/v2\/media\/439"}],"wp:attachment":[{"href":"https:\/\/www.mtexpo.com.br\/es\/wp-json\/wp\/v2\/media?parent=438"}],"wp:term":[{"taxonomy":"category","embeddable":true,"href":"https:\/\/www.mtexpo.com.br\/es\/wp-json\/wp\/v2\/categories?post=438"},{"taxonomy":"post_tag","embeddable":true,"href":"https:\/\/www.mtexpo.com.br\/es\/wp-json\/wp\/v2\/tags?post=438"}],"curies":[{"name":"wp","href":"https:\/\/api.w.org\/{rel}","templated":true}]}}