{"id":614,"date":"2023-03-20T08:56:50","date_gmt":"2023-03-20T11:56:50","guid":{"rendered":"https:\/\/www.mtexpo.com.br\/es\/?p=614"},"modified":"2023-03-20T08:56:52","modified_gmt":"2023-03-20T11:56:52","slug":"construccion-civil-debe-crecer-25-este-ano","status":"publish","type":"post","link":"https:\/\/www.mtexpo.com.br\/es\/2023\/03\/20\/construccion-civil-debe-crecer-25-este-ano\/","title":{"rendered":"<strong>Construcci\u00f3n civil debe crecer 2,5% este a\u00f1o<\/strong>\u00a0"},"content":{"rendered":"\n<p><em>Las buenas perspectivas han motivado a las empresas a invertir en calidad y diferentes estrategias para mantenerse cerca de los clientes<\/em><em><\/em><\/p>\n\n\n\n<p>Tras la gravedad de la pandemia de Covid 19 en la cadena productiva, el mercado de la construcci\u00f3n civil retoma el escenario positivo. En octubre, la Confederaci\u00f3n Nacional de la Industria (CNI) y el Sindicato de la Construcci\u00f3n Civil del Estado de S\u00e3o Paulo (SindusCon-SP) ya hab\u00edan proyectado aumentos del 7% y 6,1% para el sector el a\u00f1o pasado, respectivamente, por encima del porcentaje previsto para el crecimiento del pa\u00eds, de 2,7%, seg\u00fan Pesquisa Focus.\u00a0<\/p>\n\n\n\n<p>Para este a\u00f1o, la C\u00e1mara Brasile\u00f1a de la Industria de la Construcci\u00f3n (CBIC) prev\u00e9 un crecimiento del 2,5%, considerando el ciclo de negocios en curso del mercado inmobiliario y la demanda de vivienda m\u00e1s s\u00f3lida en comparaci\u00f3n con los \u00faltimos a\u00f1os. Con la expectativa positiva, los especialistas indican que el sector debe invertir en nuevas tecnolog\u00edas y atenci\u00f3n diferenciada, con soluciones a la medida.\u00a0\u00a0\u00a0<\/p>\n\n\n\n<p>Alexandre Prado, director comercial de Lubrizol, empresa proveedora de productos qu\u00edmicos de especialidad para los mercados de transporte, industria y consumo, destaca la importancia de buscar productos certificados y de alta calidad. &#8220;La seguridad y la sostenibilidad deber\u00edan ser los requisitos m\u00e1s importantes a la hora de elegir el sistema de tuber\u00edas, por ejemplo. Los materiales m\u00e1s resistentes y certificados presentan mayor resistencia, reduciendo las posibilidades de fisuras durante y despu\u00e9s de la instalaci\u00f3n de los tubos, reduciendo tambi\u00e9n las posibilidades de accidentes estructurales y la necesidad de reemplazo\u201d.<\/p>\n\n\n\n<p>A su vez, Lantex do Brasil, empresa con participaci\u00f3n confirmada en M&amp;T EXPO 2024, anuncia perspectivas positivas para los pr\u00f3ximos meses en la industria de agregados para la construcci\u00f3n. La empresa ha estado brindando consultor\u00eda y apoyo a canteras de todo el pa\u00eds en operaciones de procesamiento de material fino: piedras peque\u00f1as y arena de grava. Actualmente, los agregados con este perfil corresponden al 40% de la demanda de consumo en el mercado de la construcci\u00f3n, lo que ha motivado a las empresas mineras a adaptar el proceso de tamizado con el uso de pantallas adecuadas, capaces de clasificar el material fino sin mayores p\u00e9rdidas.<br>\u201cLa gran dificultad de las empresas para producir el material fino ha sido adaptar la arena de grava, tambi\u00e9n conocida como &#8216;arena artificial&#8217;, a las normas establecidas\u201d, explica Vitor Diniz, responsable de asistencia t\u00e9cnica de Lantex. Debido a que este material tiene peculiaridades desfavorables en la mayor\u00eda de los casos cuando se trata de concreto, terminan por no ser utilizados o se destinan a aplicaciones marginales.<\/p>\n\n\n\n<p>Otra empresa que apuesta por el crecimiento del sector de la construcci\u00f3n es Get Tractor, especialista en suministrar herramientas de penetraci\u00f3n de suelo (FPS) para canteras y empresas mineras. Tambi\u00e9n con participaci\u00f3n confirmada para la M&amp;T EXPO 2024, la empresa mostr\u00f3 al mercado los diferenciales de sus productos y estableci\u00f3 alianzas con clientes de todo Brasil.<\/p>\n\n\n\n<p>Eber Miranda, director de Get Tractor Solu\u00e7\u00f5es en FPS, recuerda que a mediados de 2009 estaba trabajando en la empresa de su padre, cuando asisti\u00f3 por primera vez a la M&amp;T EXPO. La feria fue un separador de aguas en su vida. \u201cHasta entonces, nuestra empresa no era vista por el mercado nacional ya partir de ah\u00ed empez\u00f3 a ser reconocida y respetada. Despu\u00e9s de eso, profesionalizamos nuestro concesionario y entramos en un nuevo ciclo de crecimiento en la vida, tanto personal como empresarial. Estamos agradecidos con nuestros clientes y con M&amp;T EXPO\u201d, reconoce Miranda.<\/p>\n\n\n\n<p>Por: Santelmo Camilo<\/p>\n","protected":false},"excerpt":{"rendered":"<p>Para este a\u00f1o, la C\u00e1mara Brasile\u00f1a de la Industria de la Construcci\u00f3n (CBIC) prev\u00e9 un crecimiento del 2,5%, considerando el ciclo de negocios en curso del mercado inmobiliario y la demanda de vivienda m\u00e1s s\u00f3lida en comparaci\u00f3n con los \u00faltimos a\u00f1os.<\/p>\n","protected":false},"author":7,"featured_media":615,"comment_status":"open","ping_status":"open","sticky":false,"template":"","format":"standard","meta":[],"categories":[12],"tags":[],"acf":[],"yoast_head":"<!-- This site is optimized with the Yoast SEO plugin v20.8 - https:\/\/yoast.com\/wordpress\/plugins\/seo\/ -->\n<title>Construcci\u00f3n civil debe crecer 2,5% este a\u00f1o\u00a0 | M&amp;T Expo<\/title>\n<meta name=\"robots\" content=\"index, follow, max-snippet:-1, max-image-preview:large, max-video-preview:-1\" \/>\n<link rel=\"canonical\" href=\"https:\/\/www.mtexpo.com.br\/es\/2023\/03\/20\/construccion-civil-debe-crecer-25-este-ano\/\" \/>\n<meta property=\"og:locale\" content=\"es_ES\" \/>\n<meta property=\"og:type\" content=\"article\" \/>\n<meta property=\"og:title\" content=\"Construcci\u00f3n civil debe crecer 2,5% este a\u00f1o\u00a0 | M&amp;T Expo\" \/>\n<meta property=\"og:description\" content=\"Para este a\u00f1o, la C\u00e1mara Brasile\u00f1a de la Industria de la Construcci\u00f3n (CBIC) prev\u00e9 un crecimiento del 2,5%, considerando el ciclo de negocios en curso del mercado inmobiliario y la demanda de vivienda m\u00e1s s\u00f3lida en comparaci\u00f3n con los \u00faltimos a\u00f1os.\" \/>\n<meta property=\"og:url\" content=\"https:\/\/www.mtexpo.com.br\/es\/2023\/03\/20\/construccion-civil-debe-crecer-25-este-ano\/\" \/>\n<meta property=\"og:site_name\" content=\"M&amp;T Expo - ES\" \/>\n<meta property=\"article:publisher\" content=\"https:\/\/www.facebook.com\/feiramtexpo\/\" \/>\n<meta property=\"article:published_time\" content=\"2023-03-20T11:56:50+00:00\" \/>\n<meta property=\"article:modified_time\" content=\"2023-03-20T11:56:52+00:00\" \/>\n<meta property=\"og:image\" content=\"https:\/\/www.mtexpo.com.br\/es\/wp-content\/uploads\/sites\/3\/2023\/03\/Design-sem-nome-12.jpg\" \/>\n\t<meta property=\"og:image:width\" content=\"1920\" \/>\n\t<meta property=\"og:image:height\" content=\"1306\" \/>\n\t<meta property=\"og:image:type\" content=\"image\/jpeg\" \/>\n<meta name=\"author\" content=\"Yasmin Ribeiro\" \/>\n<meta name=\"twitter:card\" content=\"summary_large_image\" \/>\n<meta name=\"twitter:label1\" content=\"Written by\" \/>\n\t<meta name=\"twitter:data1\" content=\"Yasmin Ribeiro\" \/>\n\t<meta name=\"twitter:label2\" content=\"Est. reading time\" \/>\n\t<meta name=\"twitter:data2\" content=\"4 minutes\" \/>\n<script type=\"application\/ld+json\" class=\"yoast-schema-graph\">{\"@context\":\"https:\/\/schema.org\",\"@graph\":[{\"@type\":\"Article\",\"@id\":\"https:\/\/www.mtexpo.com.br\/es\/2023\/03\/20\/construccion-civil-debe-crecer-25-este-ano\/#article\",\"isPartOf\":{\"@id\":\"https:\/\/www.mtexpo.com.br\/es\/2023\/03\/20\/construccion-civil-debe-crecer-25-este-ano\/\"},\"author\":{\"name\":\"Yasmin Ribeiro\",\"@id\":\"https:\/\/www.mtexpo.com.br\/es\/#\/schema\/person\/335d1f123b404f4eeee3c77d3eff4bfd\"},\"headline\":\"Construcci\u00f3n civil debe crecer 2,5% este a\u00f1o\u00a0\",\"datePublished\":\"2023-03-20T11:56:50+00:00\",\"dateModified\":\"2023-03-20T11:56:52+00:00\",\"mainEntityOfPage\":{\"@id\":\"https:\/\/www.mtexpo.com.br\/es\/2023\/03\/20\/construccion-civil-debe-crecer-25-este-ano\/\"},\"wordCount\":624,\"commentCount\":0,\"publisher\":{\"@id\":\"https:\/\/www.mtexpo.com.br\/es\/#organization\"},\"articleSection\":[\"Infraestructura\"],\"inLanguage\":\"es-ES\",\"potentialAction\":[{\"@type\":\"CommentAction\",\"name\":\"Comment\",\"target\":[\"https:\/\/www.mtexpo.com.br\/es\/2023\/03\/20\/construccion-civil-debe-crecer-25-este-ano\/#respond\"]}]},{\"@type\":\"WebPage\",\"@id\":\"https:\/\/www.mtexpo.com.br\/es\/2023\/03\/20\/construccion-civil-debe-crecer-25-este-ano\/\",\"url\":\"https:\/\/www.mtexpo.com.br\/es\/2023\/03\/20\/construccion-civil-debe-crecer-25-este-ano\/\",\"name\":\"Construcci\u00f3n civil debe crecer 2,5% este a\u00f1o\u00a0 | M&T Expo\",\"isPartOf\":{\"@id\":\"https:\/\/www.mtexpo.com.br\/es\/#website\"},\"datePublished\":\"2023-03-20T11:56:50+00:00\",\"dateModified\":\"2023-03-20T11:56:52+00:00\",\"breadcrumb\":{\"@id\":\"https:\/\/www.mtexpo.com.br\/es\/2023\/03\/20\/construccion-civil-debe-crecer-25-este-ano\/#breadcrumb\"},\"inLanguage\":\"es-ES\",\"potentialAction\":[{\"@type\":\"ReadAction\",\"target\":[\"https:\/\/www.mtexpo.com.br\/es\/2023\/03\/20\/construccion-civil-debe-crecer-25-este-ano\/\"]}]},{\"@type\":\"BreadcrumbList\",\"@id\":\"https:\/\/www.mtexpo.com.br\/es\/2023\/03\/20\/construccion-civil-debe-crecer-25-este-ano\/#breadcrumb\",\"itemListElement\":[{\"@type\":\"ListItem\",\"position\":1,\"name\":\"In\u00edcio\",\"item\":\"https:\/\/www.mtexpo.com.br\/es\/\"},{\"@type\":\"ListItem\",\"position\":2,\"name\":\"Construcci\u00f3n civil debe crecer 2,5% este a\u00f1o\u00a0\"}]},{\"@type\":\"WebSite\",\"@id\":\"https:\/\/www.mtexpo.com.br\/es\/#website\",\"url\":\"https:\/\/www.mtexpo.com.br\/es\/\",\"name\":\"M&T Expo\",\"description\":\"Part of bauma NETWORK\",\"publisher\":{\"@id\":\"https:\/\/www.mtexpo.com.br\/es\/#organization\"},\"alternateName\":\"M&T Expo\",\"potentialAction\":[{\"@type\":\"SearchAction\",\"target\":{\"@type\":\"EntryPoint\",\"urlTemplate\":\"https:\/\/www.mtexpo.com.br\/es\/?s={search_term_string}\"},\"query-input\":\"required name=search_term_string\"}],\"inLanguage\":\"es-ES\"},{\"@type\":\"Organization\",\"@id\":\"https:\/\/www.mtexpo.com.br\/es\/#organization\",\"name\":\"M&T Expo\",\"alternateName\":\"M&T Expo\",\"url\":\"https:\/\/www.mtexpo.com.br\/es\/\",\"logo\":{\"@type\":\"ImageObject\",\"inLanguage\":\"es-ES\",\"@id\":\"https:\/\/www.mtexpo.com.br\/es\/#\/schema\/logo\/image\/\",\"url\":\"https:\/\/www.mtexpo.com.br\/es\/wp-content\/uploads\/sites\/3\/2022\/12\/logo-MT-expo.svg\",\"contentUrl\":\"https:\/\/www.mtexpo.com.br\/es\/wp-content\/uploads\/sites\/3\/2022\/12\/logo-MT-expo.svg\",\"width\":350,\"height\":70,\"caption\":\"M&T Expo\"},\"image\":{\"@id\":\"https:\/\/www.mtexpo.com.br\/es\/#\/schema\/logo\/image\/\"},\"sameAs\":[\"https:\/\/www.facebook.com\/feiramtexpo\/\",\"https:\/\/www.youtube.com\/c\/mtexpofeira\",\"https:\/\/www.instagram.com\/feiramtexpo\/\"]},{\"@type\":\"Person\",\"@id\":\"https:\/\/www.mtexpo.com.br\/es\/#\/schema\/person\/335d1f123b404f4eeee3c77d3eff4bfd\",\"name\":\"Yasmin Ribeiro\",\"image\":{\"@type\":\"ImageObject\",\"inLanguage\":\"es-ES\",\"@id\":\"https:\/\/www.mtexpo.com.br\/es\/#\/schema\/person\/image\/\",\"url\":\"https:\/\/secure.gravatar.com\/avatar\/bf734aef4167ed7e812cf407c1f725c9?s=96&d=mm&r=g\",\"contentUrl\":\"https:\/\/secure.gravatar.com\/avatar\/bf734aef4167ed7e812cf407c1f725c9?s=96&d=mm&r=g\",\"caption\":\"Yasmin Ribeiro\"},\"url\":\"https:\/\/www.mtexpo.com.br\/es\/author\/thiagobento\/\"}]}<\/script>\n<!-- \/ Yoast SEO plugin. -->","yoast_head_json":{"title":"Construcci\u00f3n civil debe crecer 2,5% este a\u00f1o\u00a0 | M&T Expo","robots":{"index":"index","follow":"follow","max-snippet":"max-snippet:-1","max-image-preview":"max-image-preview:large","max-video-preview":"max-video-preview:-1"},"canonical":"https:\/\/www.mtexpo.com.br\/es\/2023\/03\/20\/construccion-civil-debe-crecer-25-este-ano\/","og_locale":"es_ES","og_type":"article","og_title":"Construcci\u00f3n civil debe crecer 2,5% este a\u00f1o\u00a0 | M&T Expo","og_description":"Para este a\u00f1o, la C\u00e1mara Brasile\u00f1a de la Industria de la Construcci\u00f3n (CBIC) prev\u00e9 un crecimiento del 2,5%, considerando el ciclo de negocios en curso del mercado inmobiliario y la demanda de vivienda m\u00e1s s\u00f3lida en comparaci\u00f3n con los \u00faltimos a\u00f1os.","og_url":"https:\/\/www.mtexpo.com.br\/es\/2023\/03\/20\/construccion-civil-debe-crecer-25-este-ano\/","og_site_name":"M&amp;T Expo - ES","article_publisher":"https:\/\/www.facebook.com\/feiramtexpo\/","article_published_time":"2023-03-20T11:56:50+00:00","article_modified_time":"2023-03-20T11:56:52+00:00","og_image":[{"width":1920,"height":1306,"url":"https:\/\/www.mtexpo.com.br\/es\/wp-content\/uploads\/sites\/3\/2023\/03\/Design-sem-nome-12.jpg","type":"image\/jpeg"}],"author":"Yasmin Ribeiro","twitter_card":"summary_large_image","twitter_misc":{"Written by":"Yasmin Ribeiro","Est. reading time":"4 minutes"},"schema":{"@context":"https:\/\/schema.org","@graph":[{"@type":"Article","@id":"https:\/\/www.mtexpo.com.br\/es\/2023\/03\/20\/construccion-civil-debe-crecer-25-este-ano\/#article","isPartOf":{"@id":"https:\/\/www.mtexpo.com.br\/es\/2023\/03\/20\/construccion-civil-debe-crecer-25-este-ano\/"},"author":{"name":"Yasmin Ribeiro","@id":"https:\/\/www.mtexpo.com.br\/es\/#\/schema\/person\/335d1f123b404f4eeee3c77d3eff4bfd"},"headline":"Construcci\u00f3n civil debe crecer 2,5% este a\u00f1o\u00a0","datePublished":"2023-03-20T11:56:50+00:00","dateModified":"2023-03-20T11:56:52+00:00","mainEntityOfPage":{"@id":"https:\/\/www.mtexpo.com.br\/es\/2023\/03\/20\/construccion-civil-debe-crecer-25-este-ano\/"},"wordCount":624,"commentCount":0,"publisher":{"@id":"https:\/\/www.mtexpo.com.br\/es\/#organization"},"articleSection":["Infraestructura"],"inLanguage":"es-ES","potentialAction":[{"@type":"CommentAction","name":"Comment","target":["https:\/\/www.mtexpo.com.br\/es\/2023\/03\/20\/construccion-civil-debe-crecer-25-este-ano\/#respond"]}]},{"@type":"WebPage","@id":"https:\/\/www.mtexpo.com.br\/es\/2023\/03\/20\/construccion-civil-debe-crecer-25-este-ano\/","url":"https:\/\/www.mtexpo.com.br\/es\/2023\/03\/20\/construccion-civil-debe-crecer-25-este-ano\/","name":"Construcci\u00f3n civil debe crecer 2,5% este a\u00f1o\u00a0 | M&T Expo","isPartOf":{"@id":"https:\/\/www.mtexpo.com.br\/es\/#website"},"datePublished":"2023-03-20T11:56:50+00:00","dateModified":"2023-03-20T11:56:52+00:00","breadcrumb":{"@id":"https:\/\/www.mtexpo.com.br\/es\/2023\/03\/20\/construccion-civil-debe-crecer-25-este-ano\/#breadcrumb"},"inLanguage":"es-ES","potentialAction":[{"@type":"ReadAction","target":["https:\/\/www.mtexpo.com.br\/es\/2023\/03\/20\/construccion-civil-debe-crecer-25-este-ano\/"]}]},{"@type":"BreadcrumbList","@id":"https:\/\/www.mtexpo.com.br\/es\/2023\/03\/20\/construccion-civil-debe-crecer-25-este-ano\/#breadcrumb","itemListElement":[{"@type":"ListItem","position":1,"name":"In\u00edcio","item":"https:\/\/www.mtexpo.com.br\/es\/"},{"@type":"ListItem","position":2,"name":"Construcci\u00f3n civil debe crecer 2,5% este a\u00f1o\u00a0"}]},{"@type":"WebSite","@id":"https:\/\/www.mtexpo.com.br\/es\/#website","url":"https:\/\/www.mtexpo.com.br\/es\/","name":"M&T Expo","description":"Part of bauma NETWORK","publisher":{"@id":"https:\/\/www.mtexpo.com.br\/es\/#organization"},"alternateName":"M&T Expo","potentialAction":[{"@type":"SearchAction","target":{"@type":"EntryPoint","urlTemplate":"https:\/\/www.mtexpo.com.br\/es\/?s={search_term_string}"},"query-input":"required name=search_term_string"}],"inLanguage":"es-ES"},{"@type":"Organization","@id":"https:\/\/www.mtexpo.com.br\/es\/#organization","name":"M&T Expo","alternateName":"M&T Expo","url":"https:\/\/www.mtexpo.com.br\/es\/","logo":{"@type":"ImageObject","inLanguage":"es-ES","@id":"https:\/\/www.mtexpo.com.br\/es\/#\/schema\/logo\/image\/","url":"https:\/\/www.mtexpo.com.br\/es\/wp-content\/uploads\/sites\/3\/2022\/12\/logo-MT-expo.svg","contentUrl":"https:\/\/www.mtexpo.com.br\/es\/wp-content\/uploads\/sites\/3\/2022\/12\/logo-MT-expo.svg","width":350,"height":70,"caption":"M&T Expo"},"image":{"@id":"https:\/\/www.mtexpo.com.br\/es\/#\/schema\/logo\/image\/"},"sameAs":["https:\/\/www.facebook.com\/feiramtexpo\/","https:\/\/www.youtube.com\/c\/mtexpofeira","https:\/\/www.instagram.com\/feiramtexpo\/"]},{"@type":"Person","@id":"https:\/\/www.mtexpo.com.br\/es\/#\/schema\/person\/335d1f123b404f4eeee3c77d3eff4bfd","name":"Yasmin Ribeiro","image":{"@type":"ImageObject","inLanguage":"es-ES","@id":"https:\/\/www.mtexpo.com.br\/es\/#\/schema\/person\/image\/","url":"https:\/\/secure.gravatar.com\/avatar\/bf734aef4167ed7e812cf407c1f725c9?s=96&d=mm&r=g","contentUrl":"https:\/\/secure.gravatar.com\/avatar\/bf734aef4167ed7e812cf407c1f725c9?s=96&d=mm&r=g","caption":"Yasmin Ribeiro"},"url":"https:\/\/www.mtexpo.com.br\/es\/author\/thiagobento\/"}]}},"_links":{"self":[{"href":"https:\/\/www.mtexpo.com.br\/es\/wp-json\/wp\/v2\/posts\/614"}],"collection":[{"href":"https:\/\/www.mtexpo.com.br\/es\/wp-json\/wp\/v2\/posts"}],"about":[{"href":"https:\/\/www.mtexpo.com.br\/es\/wp-json\/wp\/v2\/types\/post"}],"author":[{"embeddable":true,"href":"https:\/\/www.mtexpo.com.br\/es\/wp-json\/wp\/v2\/users\/7"}],"replies":[{"embeddable":true,"href":"https:\/\/www.mtexpo.com.br\/es\/wp-json\/wp\/v2\/comments?post=614"}],"version-history":[{"count":1,"href":"https:\/\/www.mtexpo.com.br\/es\/wp-json\/wp\/v2\/posts\/614\/revisions"}],"predecessor-version":[{"id":616,"href":"https:\/\/www.mtexpo.com.br\/es\/wp-json\/wp\/v2\/posts\/614\/revisions\/616"}],"wp:featuredmedia":[{"embeddable":true,"href":"https:\/\/www.mtexpo.com.br\/es\/wp-json\/wp\/v2\/media\/615"}],"wp:attachment":[{"href":"https:\/\/www.mtexpo.com.br\/es\/wp-json\/wp\/v2\/media?parent=614"}],"wp:term":[{"taxonomy":"category","embeddable":true,"href":"https:\/\/www.mtexpo.com.br\/es\/wp-json\/wp\/v2\/categories?post=614"},{"taxonomy":"post_tag","embeddable":true,"href":"https:\/\/www.mtexpo.com.br\/es\/wp-json\/wp\/v2\/tags?post=614"}],"curies":[{"name":"wp","href":"https:\/\/api.w.org\/{rel}","templated":true}]}}