{"id":748,"date":"2023-03-30T17:48:09","date_gmt":"2023-03-30T20:48:09","guid":{"rendered":"https:\/\/www.mtexpo.com.br\/es\/?p=748"},"modified":"2023-03-30T17:48:11","modified_gmt":"2023-03-30T20:48:11","slug":"se-reanudaran-los-trabajos-de-demolicion-del-canal-nova-avanhandava","status":"publish","type":"post","link":"https:\/\/www.mtexpo.com.br\/es\/2023\/03\/30\/se-reanudaran-los-trabajos-de-demolicion-del-canal-nova-avanhandava\/","title":{"rendered":"<strong>Se reanudar\u00e1n los trabajos de demolici\u00f3n del canal Nova Avanhandava<\/strong>"},"content":{"rendered":"\n<p><em>Equipos realizar\u00e1n excavaciones para profundizar 10 kil\u00f3metros del cauce y desmantelamiento submarino de 550.000 metros c\u00fabicos de roca<\/em><em><\/em><\/p>\n\n\n\n<p>Se reanudar\u00e1n los trabajos de demolici\u00f3n del canal Nova Avanhandava, en S\u00e3o Paulo. El proyecto contempla excavaciones para profundizar un tramo de 10 kil\u00f3metros, con desmantelamiento submarino de 550.000 metros c\u00fabicos de roca en el lecho del r\u00edo Tiet\u00ea. El contrato se firm\u00f3 el d\u00eda 17, con una inversi\u00f3n de R$ 300 millones y se espera que la obra est\u00e9 terminada para el primer semestre de 2026.<\/p>\n\n\n\n<p>Fruto de una asociaci\u00f3n entre el Departamento Nacional de Infraestructura de Transporte (DNIT) y el Gobierno de S\u00e3o Paulo, la obra permitir\u00e1 el tr\u00e1nsito de embarcaciones con un calado de 3,5 metros. Adem\u00e1s, la ampliaci\u00f3n del canal garantizar\u00e1 la navegaci\u00f3n al sector de la v\u00eda fluvial, incluso en cotas m\u00e1s bajas, en los embalses Ilha Solteira y Tr\u00eas Irm\u00e3os.<\/p>\n\n\n\n<p>La posibilidad de transitar con cuotas m\u00e1s bajas en estos embalses tambi\u00e9n proporcionar\u00e1 al sector el\u00e9ctrico 4,1 mil millones de metros c\u00fabicos de agua adicionales para generar energ\u00eda el\u00e9ctrica o almacenarla en embalses de cabecera \u2013 el volumen equivale al 24% de la Usina de Furnas.<\/p>\n\n\n\n<p>Adem\u00e1s, el emprendimiento deber\u00e1 generar m\u00e1s de 3.000 nuevos puestos de trabajo durante la ejecuci\u00f3n de las obras. Una vez finalizada, ser\u00e1 posible conectar las \u00e1reas de producci\u00f3n a los puertos mar\u00edtimos, sirviendo a los principales centros del Mercosur.<\/p>\n\n\n\n<p>El uso del canal generar\u00e1 un movimiento de 7 millones de toneladas por la hidrov\u00eda Tiet\u00ea-Paran\u00e1, lo que representa una reducci\u00f3n de aproximadamente 200 mil camiones en las carreteras al a\u00f1o. Entre los principales cargamentos se encuentran soja, harina de soja, otros granos y ca\u00f1a de az\u00facar.<\/p>\n\n\n\n<p>Por: Santelmo Camilo<\/p>\n","protected":false},"excerpt":{"rendered":"<p>Fruto de una asociaci\u00f3n entre el Departamento Nacional de Infraestructura de Transporte (DNIT) y el Gobierno de S\u00e3o Paulo, la obra permitir\u00e1 el tr\u00e1nsito de embarcaciones con un calado de 3,5 metros. <\/p>\n","protected":false},"author":7,"featured_media":749,"comment_status":"open","ping_status":"open","sticky":false,"template":"","format":"standard","meta":[],"categories":[12],"tags":[],"acf":[],"yoast_head":"<!-- This site is optimized with the Yoast SEO plugin v20.8 - https:\/\/yoast.com\/wordpress\/plugins\/seo\/ -->\n<title>Se reanudar\u00e1n los trabajos de demolici\u00f3n del canal Nova Avanhandava | M&amp;T Expo<\/title>\n<meta name=\"robots\" content=\"index, follow, max-snippet:-1, max-image-preview:large, max-video-preview:-1\" \/>\n<link rel=\"canonical\" href=\"https:\/\/www.mtexpo.com.br\/es\/2023\/03\/30\/se-reanudaran-los-trabajos-de-demolicion-del-canal-nova-avanhandava\/\" \/>\n<meta property=\"og:locale\" content=\"es_ES\" \/>\n<meta property=\"og:type\" content=\"article\" \/>\n<meta property=\"og:title\" content=\"Se reanudar\u00e1n los trabajos de demolici\u00f3n del canal Nova Avanhandava | M&amp;T Expo\" \/>\n<meta property=\"og:description\" content=\"Fruto de una asociaci\u00f3n entre el Departamento Nacional de Infraestructura de Transporte (DNIT) y el Gobierno de S\u00e3o Paulo, la obra permitir\u00e1 el tr\u00e1nsito de embarcaciones con un calado de 3,5 metros.\" \/>\n<meta property=\"og:url\" content=\"https:\/\/www.mtexpo.com.br\/es\/2023\/03\/30\/se-reanudaran-los-trabajos-de-demolicion-del-canal-nova-avanhandava\/\" \/>\n<meta property=\"og:site_name\" content=\"M&amp;T Expo - ES\" \/>\n<meta property=\"article:publisher\" content=\"https:\/\/www.facebook.com\/feiramtexpo\/\" \/>\n<meta property=\"article:published_time\" content=\"2023-03-30T20:48:09+00:00\" \/>\n<meta property=\"article:modified_time\" content=\"2023-03-30T20:48:11+00:00\" \/>\n<meta property=\"og:image\" content=\"https:\/\/www.mtexpo.com.br\/es\/wp-content\/uploads\/sites\/3\/2023\/03\/Design-sem-nome-19.jpg\" \/>\n\t<meta property=\"og:image:width\" content=\"1920\" \/>\n\t<meta property=\"og:image:height\" content=\"1306\" \/>\n\t<meta property=\"og:image:type\" content=\"image\/jpeg\" \/>\n<meta name=\"author\" content=\"Yasmin Ribeiro\" \/>\n<meta name=\"twitter:card\" content=\"summary_large_image\" \/>\n<meta name=\"twitter:label1\" content=\"Written by\" \/>\n\t<meta name=\"twitter:data1\" content=\"Yasmin Ribeiro\" \/>\n\t<meta name=\"twitter:label2\" content=\"Est. reading time\" \/>\n\t<meta name=\"twitter:data2\" content=\"2 minutes\" \/>\n<script type=\"application\/ld+json\" class=\"yoast-schema-graph\">{\"@context\":\"https:\/\/schema.org\",\"@graph\":[{\"@type\":\"Article\",\"@id\":\"https:\/\/www.mtexpo.com.br\/es\/2023\/03\/30\/se-reanudaran-los-trabajos-de-demolicion-del-canal-nova-avanhandava\/#article\",\"isPartOf\":{\"@id\":\"https:\/\/www.mtexpo.com.br\/es\/2023\/03\/30\/se-reanudaran-los-trabajos-de-demolicion-del-canal-nova-avanhandava\/\"},\"author\":{\"name\":\"Yasmin Ribeiro\",\"@id\":\"https:\/\/www.mtexpo.com.br\/es\/#\/schema\/person\/335d1f123b404f4eeee3c77d3eff4bfd\"},\"headline\":\"Se reanudar\u00e1n los trabajos de demolici\u00f3n del canal Nova Avanhandava\",\"datePublished\":\"2023-03-30T20:48:09+00:00\",\"dateModified\":\"2023-03-30T20:48:11+00:00\",\"mainEntityOfPage\":{\"@id\":\"https:\/\/www.mtexpo.com.br\/es\/2023\/03\/30\/se-reanudaran-los-trabajos-de-demolicion-del-canal-nova-avanhandava\/\"},\"wordCount\":315,\"commentCount\":0,\"publisher\":{\"@id\":\"https:\/\/www.mtexpo.com.br\/es\/#organization\"},\"articleSection\":[\"Infraestructura\"],\"inLanguage\":\"es-ES\",\"potentialAction\":[{\"@type\":\"CommentAction\",\"name\":\"Comment\",\"target\":[\"https:\/\/www.mtexpo.com.br\/es\/2023\/03\/30\/se-reanudaran-los-trabajos-de-demolicion-del-canal-nova-avanhandava\/#respond\"]}]},{\"@type\":\"WebPage\",\"@id\":\"https:\/\/www.mtexpo.com.br\/es\/2023\/03\/30\/se-reanudaran-los-trabajos-de-demolicion-del-canal-nova-avanhandava\/\",\"url\":\"https:\/\/www.mtexpo.com.br\/es\/2023\/03\/30\/se-reanudaran-los-trabajos-de-demolicion-del-canal-nova-avanhandava\/\",\"name\":\"Se reanudar\u00e1n los trabajos de demolici\u00f3n del canal Nova Avanhandava | M&T Expo\",\"isPartOf\":{\"@id\":\"https:\/\/www.mtexpo.com.br\/es\/#website\"},\"datePublished\":\"2023-03-30T20:48:09+00:00\",\"dateModified\":\"2023-03-30T20:48:11+00:00\",\"breadcrumb\":{\"@id\":\"https:\/\/www.mtexpo.com.br\/es\/2023\/03\/30\/se-reanudaran-los-trabajos-de-demolicion-del-canal-nova-avanhandava\/#breadcrumb\"},\"inLanguage\":\"es-ES\",\"potentialAction\":[{\"@type\":\"ReadAction\",\"target\":[\"https:\/\/www.mtexpo.com.br\/es\/2023\/03\/30\/se-reanudaran-los-trabajos-de-demolicion-del-canal-nova-avanhandava\/\"]}]},{\"@type\":\"BreadcrumbList\",\"@id\":\"https:\/\/www.mtexpo.com.br\/es\/2023\/03\/30\/se-reanudaran-los-trabajos-de-demolicion-del-canal-nova-avanhandava\/#breadcrumb\",\"itemListElement\":[{\"@type\":\"ListItem\",\"position\":1,\"name\":\"In\u00edcio\",\"item\":\"https:\/\/www.mtexpo.com.br\/es\/\"},{\"@type\":\"ListItem\",\"position\":2,\"name\":\"Se reanudar\u00e1n los trabajos de demolici\u00f3n del canal Nova Avanhandava\"}]},{\"@type\":\"WebSite\",\"@id\":\"https:\/\/www.mtexpo.com.br\/es\/#website\",\"url\":\"https:\/\/www.mtexpo.com.br\/es\/\",\"name\":\"M&T Expo\",\"description\":\"Part of bauma NETWORK\",\"publisher\":{\"@id\":\"https:\/\/www.mtexpo.com.br\/es\/#organization\"},\"alternateName\":\"M&T Expo\",\"potentialAction\":[{\"@type\":\"SearchAction\",\"target\":{\"@type\":\"EntryPoint\",\"urlTemplate\":\"https:\/\/www.mtexpo.com.br\/es\/?s={search_term_string}\"},\"query-input\":\"required name=search_term_string\"}],\"inLanguage\":\"es-ES\"},{\"@type\":\"Organization\",\"@id\":\"https:\/\/www.mtexpo.com.br\/es\/#organization\",\"name\":\"M&T Expo\",\"alternateName\":\"M&T Expo\",\"url\":\"https:\/\/www.mtexpo.com.br\/es\/\",\"logo\":{\"@type\":\"ImageObject\",\"inLanguage\":\"es-ES\",\"@id\":\"https:\/\/www.mtexpo.com.br\/es\/#\/schema\/logo\/image\/\",\"url\":\"https:\/\/www.mtexpo.com.br\/es\/wp-content\/uploads\/sites\/3\/2022\/12\/logo-MT-expo.svg\",\"contentUrl\":\"https:\/\/www.mtexpo.com.br\/es\/wp-content\/uploads\/sites\/3\/2022\/12\/logo-MT-expo.svg\",\"width\":350,\"height\":70,\"caption\":\"M&T Expo\"},\"image\":{\"@id\":\"https:\/\/www.mtexpo.com.br\/es\/#\/schema\/logo\/image\/\"},\"sameAs\":[\"https:\/\/www.facebook.com\/feiramtexpo\/\",\"https:\/\/www.youtube.com\/c\/mtexpofeira\",\"https:\/\/www.instagram.com\/feiramtexpo\/\"]},{\"@type\":\"Person\",\"@id\":\"https:\/\/www.mtexpo.com.br\/es\/#\/schema\/person\/335d1f123b404f4eeee3c77d3eff4bfd\",\"name\":\"Yasmin Ribeiro\",\"image\":{\"@type\":\"ImageObject\",\"inLanguage\":\"es-ES\",\"@id\":\"https:\/\/www.mtexpo.com.br\/es\/#\/schema\/person\/image\/\",\"url\":\"https:\/\/secure.gravatar.com\/avatar\/bf734aef4167ed7e812cf407c1f725c9?s=96&d=mm&r=g\",\"contentUrl\":\"https:\/\/secure.gravatar.com\/avatar\/bf734aef4167ed7e812cf407c1f725c9?s=96&d=mm&r=g\",\"caption\":\"Yasmin Ribeiro\"},\"url\":\"https:\/\/www.mtexpo.com.br\/es\/author\/thiagobento\/\"}]}<\/script>\n<!-- \/ Yoast SEO plugin. -->","yoast_head_json":{"title":"Se reanudar\u00e1n los trabajos de demolici\u00f3n del canal Nova Avanhandava | M&T Expo","robots":{"index":"index","follow":"follow","max-snippet":"max-snippet:-1","max-image-preview":"max-image-preview:large","max-video-preview":"max-video-preview:-1"},"canonical":"https:\/\/www.mtexpo.com.br\/es\/2023\/03\/30\/se-reanudaran-los-trabajos-de-demolicion-del-canal-nova-avanhandava\/","og_locale":"es_ES","og_type":"article","og_title":"Se reanudar\u00e1n los trabajos de demolici\u00f3n del canal Nova Avanhandava | M&T Expo","og_description":"Fruto de una asociaci\u00f3n entre el Departamento Nacional de Infraestructura de Transporte (DNIT) y el Gobierno de S\u00e3o Paulo, la obra permitir\u00e1 el tr\u00e1nsito de embarcaciones con un calado de 3,5 metros.","og_url":"https:\/\/www.mtexpo.com.br\/es\/2023\/03\/30\/se-reanudaran-los-trabajos-de-demolicion-del-canal-nova-avanhandava\/","og_site_name":"M&amp;T Expo - ES","article_publisher":"https:\/\/www.facebook.com\/feiramtexpo\/","article_published_time":"2023-03-30T20:48:09+00:00","article_modified_time":"2023-03-30T20:48:11+00:00","og_image":[{"width":1920,"height":1306,"url":"https:\/\/www.mtexpo.com.br\/es\/wp-content\/uploads\/sites\/3\/2023\/03\/Design-sem-nome-19.jpg","type":"image\/jpeg"}],"author":"Yasmin Ribeiro","twitter_card":"summary_large_image","twitter_misc":{"Written by":"Yasmin Ribeiro","Est. reading time":"2 minutes"},"schema":{"@context":"https:\/\/schema.org","@graph":[{"@type":"Article","@id":"https:\/\/www.mtexpo.com.br\/es\/2023\/03\/30\/se-reanudaran-los-trabajos-de-demolicion-del-canal-nova-avanhandava\/#article","isPartOf":{"@id":"https:\/\/www.mtexpo.com.br\/es\/2023\/03\/30\/se-reanudaran-los-trabajos-de-demolicion-del-canal-nova-avanhandava\/"},"author":{"name":"Yasmin Ribeiro","@id":"https:\/\/www.mtexpo.com.br\/es\/#\/schema\/person\/335d1f123b404f4eeee3c77d3eff4bfd"},"headline":"Se reanudar\u00e1n los trabajos de demolici\u00f3n del canal Nova Avanhandava","datePublished":"2023-03-30T20:48:09+00:00","dateModified":"2023-03-30T20:48:11+00:00","mainEntityOfPage":{"@id":"https:\/\/www.mtexpo.com.br\/es\/2023\/03\/30\/se-reanudaran-los-trabajos-de-demolicion-del-canal-nova-avanhandava\/"},"wordCount":315,"commentCount":0,"publisher":{"@id":"https:\/\/www.mtexpo.com.br\/es\/#organization"},"articleSection":["Infraestructura"],"inLanguage":"es-ES","potentialAction":[{"@type":"CommentAction","name":"Comment","target":["https:\/\/www.mtexpo.com.br\/es\/2023\/03\/30\/se-reanudaran-los-trabajos-de-demolicion-del-canal-nova-avanhandava\/#respond"]}]},{"@type":"WebPage","@id":"https:\/\/www.mtexpo.com.br\/es\/2023\/03\/30\/se-reanudaran-los-trabajos-de-demolicion-del-canal-nova-avanhandava\/","url":"https:\/\/www.mtexpo.com.br\/es\/2023\/03\/30\/se-reanudaran-los-trabajos-de-demolicion-del-canal-nova-avanhandava\/","name":"Se reanudar\u00e1n los trabajos de demolici\u00f3n del canal Nova Avanhandava | M&T Expo","isPartOf":{"@id":"https:\/\/www.mtexpo.com.br\/es\/#website"},"datePublished":"2023-03-30T20:48:09+00:00","dateModified":"2023-03-30T20:48:11+00:00","breadcrumb":{"@id":"https:\/\/www.mtexpo.com.br\/es\/2023\/03\/30\/se-reanudaran-los-trabajos-de-demolicion-del-canal-nova-avanhandava\/#breadcrumb"},"inLanguage":"es-ES","potentialAction":[{"@type":"ReadAction","target":["https:\/\/www.mtexpo.com.br\/es\/2023\/03\/30\/se-reanudaran-los-trabajos-de-demolicion-del-canal-nova-avanhandava\/"]}]},{"@type":"BreadcrumbList","@id":"https:\/\/www.mtexpo.com.br\/es\/2023\/03\/30\/se-reanudaran-los-trabajos-de-demolicion-del-canal-nova-avanhandava\/#breadcrumb","itemListElement":[{"@type":"ListItem","position":1,"name":"In\u00edcio","item":"https:\/\/www.mtexpo.com.br\/es\/"},{"@type":"ListItem","position":2,"name":"Se reanudar\u00e1n los trabajos de demolici\u00f3n del canal Nova Avanhandava"}]},{"@type":"WebSite","@id":"https:\/\/www.mtexpo.com.br\/es\/#website","url":"https:\/\/www.mtexpo.com.br\/es\/","name":"M&T Expo","description":"Part of bauma NETWORK","publisher":{"@id":"https:\/\/www.mtexpo.com.br\/es\/#organization"},"alternateName":"M&T Expo","potentialAction":[{"@type":"SearchAction","target":{"@type":"EntryPoint","urlTemplate":"https:\/\/www.mtexpo.com.br\/es\/?s={search_term_string}"},"query-input":"required name=search_term_string"}],"inLanguage":"es-ES"},{"@type":"Organization","@id":"https:\/\/www.mtexpo.com.br\/es\/#organization","name":"M&T Expo","alternateName":"M&T Expo","url":"https:\/\/www.mtexpo.com.br\/es\/","logo":{"@type":"ImageObject","inLanguage":"es-ES","@id":"https:\/\/www.mtexpo.com.br\/es\/#\/schema\/logo\/image\/","url":"https:\/\/www.mtexpo.com.br\/es\/wp-content\/uploads\/sites\/3\/2022\/12\/logo-MT-expo.svg","contentUrl":"https:\/\/www.mtexpo.com.br\/es\/wp-content\/uploads\/sites\/3\/2022\/12\/logo-MT-expo.svg","width":350,"height":70,"caption":"M&T Expo"},"image":{"@id":"https:\/\/www.mtexpo.com.br\/es\/#\/schema\/logo\/image\/"},"sameAs":["https:\/\/www.facebook.com\/feiramtexpo\/","https:\/\/www.youtube.com\/c\/mtexpofeira","https:\/\/www.instagram.com\/feiramtexpo\/"]},{"@type":"Person","@id":"https:\/\/www.mtexpo.com.br\/es\/#\/schema\/person\/335d1f123b404f4eeee3c77d3eff4bfd","name":"Yasmin Ribeiro","image":{"@type":"ImageObject","inLanguage":"es-ES","@id":"https:\/\/www.mtexpo.com.br\/es\/#\/schema\/person\/image\/","url":"https:\/\/secure.gravatar.com\/avatar\/bf734aef4167ed7e812cf407c1f725c9?s=96&d=mm&r=g","contentUrl":"https:\/\/secure.gravatar.com\/avatar\/bf734aef4167ed7e812cf407c1f725c9?s=96&d=mm&r=g","caption":"Yasmin Ribeiro"},"url":"https:\/\/www.mtexpo.com.br\/es\/author\/thiagobento\/"}]}},"_links":{"self":[{"href":"https:\/\/www.mtexpo.com.br\/es\/wp-json\/wp\/v2\/posts\/748"}],"collection":[{"href":"https:\/\/www.mtexpo.com.br\/es\/wp-json\/wp\/v2\/posts"}],"about":[{"href":"https:\/\/www.mtexpo.com.br\/es\/wp-json\/wp\/v2\/types\/post"}],"author":[{"embeddable":true,"href":"https:\/\/www.mtexpo.com.br\/es\/wp-json\/wp\/v2\/users\/7"}],"replies":[{"embeddable":true,"href":"https:\/\/www.mtexpo.com.br\/es\/wp-json\/wp\/v2\/comments?post=748"}],"version-history":[{"count":1,"href":"https:\/\/www.mtexpo.com.br\/es\/wp-json\/wp\/v2\/posts\/748\/revisions"}],"predecessor-version":[{"id":750,"href":"https:\/\/www.mtexpo.com.br\/es\/wp-json\/wp\/v2\/posts\/748\/revisions\/750"}],"wp:featuredmedia":[{"embeddable":true,"href":"https:\/\/www.mtexpo.com.br\/es\/wp-json\/wp\/v2\/media\/749"}],"wp:attachment":[{"href":"https:\/\/www.mtexpo.com.br\/es\/wp-json\/wp\/v2\/media?parent=748"}],"wp:term":[{"taxonomy":"category","embeddable":true,"href":"https:\/\/www.mtexpo.com.br\/es\/wp-json\/wp\/v2\/categories?post=748"},{"taxonomy":"post_tag","embeddable":true,"href":"https:\/\/www.mtexpo.com.br\/es\/wp-json\/wp\/v2\/tags?post=748"}],"curies":[{"name":"wp","href":"https:\/\/api.w.org\/{rel}","templated":true}]}}