{"id":777,"date":"2023-04-12T14:24:52","date_gmt":"2023-04-12T17:24:52","guid":{"rendered":"https:\/\/www.mtexpo.com.br\/es\/?p=777"},"modified":"2023-04-12T14:24:53","modified_gmt":"2023-04-12T17:24:53","slug":"construccion-del-tramo-norte-de-rodoanel-circunvalacion-sera-retomada-en-sp","status":"publish","type":"post","link":"https:\/\/www.mtexpo.com.br\/es\/2023\/04\/12\/construccion-del-tramo-norte-de-rodoanel-circunvalacion-sera-retomada-en-sp\/","title":{"rendered":"<strong>Construcci\u00f3n del Tramo Norte de Rodoanel (Circunvalaci\u00f3n) ser\u00e1 retomada, en SP<\/strong>"},"content":{"rendered":"\n<p><em>De acuerdo con CBT, los t\u00faneles son parte esencial de este proyecto en raz\u00f3n de la preservaci\u00f3n ambiental, seguridad vial\u202fy eficiencia del trayecto<\/em><\/p>\n\n\n\n<p>Las obras del Tramo Norte del Rodoanel de S\u00e3o Paulo se retomar\u00e1n tras haber sido interrumpidas hace cinco a\u00f1os. Esta concesi\u00f3n fue subastada en el mes de marzo, al fondo de inversi\u00f3n Via Appia Infraestructura, por el valor de R$ 3,4 mil millones. La empresa tendr\u00e1 tres a\u00f1os para finalizar las obras, que deben entregarse durante el mes de junio de 2026.<\/p>\n\n\n\n<p>Adem\u00e1s de permitir el libre tr\u00e1fico de veh\u00edculos de grande y peque\u00f1o porte, y desahogar el tr\u00e1nsito en la Gran S\u00e3o Paulo, la presencia de los t\u00faneles ser\u00e1 fundamental para la preservaci\u00f3n de la fauna y de la flora de regiones importantes del Estado, como el Parque Estadual de Serra da Cantareira, en S\u00e3o Paulo.<\/p>\n\n\n\n<p>La noticia fue positiva especialmente para las empresas del sector de t\u00faneles, que podr\u00e1n acompa\u00f1ar la retomada de la construcci\u00f3n de los siete t\u00faneles dobles que forman parte del proyecto. De acuerdo con el ingeniero C\u00e1ssio Abeid Moura, director\u202fad hoc\u202fdo CBT \u2013 Comit\u00e9 Brasile\u00f1o de T\u00faneles, ellos son parte esencial del proyecto debido a su importancia en la preservaci\u00f3n ambiental, seguridad vial\u202fy eficiencia del trayecto de los tramos en que se construir\u00e1.<\/p>\n\n\n\n<p>En este tramo se construir\u00e1n 12km de t\u00faneles que pasar\u00e1n por las ciudades de S\u00e3o Paulo, Guarulhos y Aruj\u00e1. Todos dobles, con tres carriles y banquina, cujas dimensiones aproximadas son 20m de di\u00e1metro, 10,5 de altura con secci\u00f3n en roca de alrededor de 200m2.<\/p>\n\n\n\n<p>La experiencia de C\u00e1ssio Moura en este tipo de obra provee una buena experiencia , el ingeniero actu\u00f3 en el control y en el tratamiento de infiltraciones de los t\u00faneles de los Lotes 2, 3 y 5 del Rodoanel Norte. De los siete t\u00faneles del proyecto, dos ya estaban finalizados cuando las obras sean paralizadas, en 2018. Los dem\u00e1s se detuvieron en diferentes fases de ejecuci\u00f3n.<\/p>\n\n\n\n<p>\u201cAlgunos fueron abandonados sin el revestimiento secundario, haciendo necesaria la contrataci\u00f3n de un contratista en car\u00e1cter de emergencia para hacer las obras de refuerzo durante la paralizaci\u00f3n\u201d, explica Moura. Otros t\u00faneles todav\u00eda estaban en fase final de excavaci\u00f3n y tuvieron el trabajo interrumpido.<\/p>\n\n\n\n<p>De acuerdo con C\u00e1ssio, el mayor desaf\u00edo ser\u00e1 averiguar cu\u00e1l es la real condici\u00f3n de estas obras y qu\u00e9 tipo de mantenimiento recibieron durante el tiempo de paralizaci\u00f3n. \u201cNormalmente, cuando se interrumpen las obras en esta etapa, ocurre un deterioro en las estructuras, principalmente en las obras de arte. En el caso de t\u00faneles, puede haber infiltraci\u00f3n, problemas con drenaje y otros de car\u00e1cter geoestructural. Por eso ser\u00e1 necesario revisar cuidadosamente todas estas obras\u201d, orienta C\u00e1ssio Moura.<\/p>\n\n\n\n<p>Por: Santelmo Camilo<\/p>\n","protected":false},"excerpt":{"rendered":"<p>Las obras del Tramo Norte del Rodoanel de S\u00e3o Paulo se retomar\u00e1n tras haber sido interrumpidas hace cinco a\u00f1os. Esta concesi\u00f3n fue subastada en el mes de marzo, al fondo de inversi\u00f3n Via Appia Infraestructura, por el valor de R$ 3,4 mil millones. La empresa tendr\u00e1 tres a\u00f1os para finalizar las obras, que deben entregarse durante el mes de junio de 2026.<\/p>\n","protected":false},"author":7,"featured_media":778,"comment_status":"open","ping_status":"open","sticky":false,"template":"","format":"standard","meta":[],"categories":[12],"tags":[],"acf":[],"yoast_head":"<!-- This site is optimized with the Yoast SEO plugin v20.8 - https:\/\/yoast.com\/wordpress\/plugins\/seo\/ -->\n<title>Construcci\u00f3n del Tramo Norte de Rodoanel (Circunvalaci\u00f3n) ser\u00e1 retomada, en SP | M&amp;T Expo<\/title>\n<meta name=\"description\" content=\"Las obras del Tramo Norte del Rodoanel de S\u00e3o Paulo se retomar\u00e1n tras haber sido interrumpidas hace cinco a\u00f1os\" \/>\n<meta name=\"robots\" content=\"index, follow, max-snippet:-1, max-image-preview:large, max-video-preview:-1\" \/>\n<link rel=\"canonical\" href=\"https:\/\/www.mtexpo.com.br\/es\/2023\/04\/12\/construccion-del-tramo-norte-de-rodoanel-circunvalacion-sera-retomada-en-sp\/\" \/>\n<meta property=\"og:locale\" content=\"es_ES\" \/>\n<meta property=\"og:type\" content=\"article\" \/>\n<meta property=\"og:title\" content=\"Construcci\u00f3n del Tramo Norte de Rodoanel (Circunvalaci\u00f3n) ser\u00e1 retomada, en SP | M&amp;T Expo\" \/>\n<meta property=\"og:description\" content=\"Las obras del Tramo Norte del Rodoanel de S\u00e3o Paulo se retomar\u00e1n tras haber sido interrumpidas hace cinco a\u00f1os\" \/>\n<meta property=\"og:url\" content=\"https:\/\/www.mtexpo.com.br\/es\/2023\/04\/12\/construccion-del-tramo-norte-de-rodoanel-circunvalacion-sera-retomada-en-sp\/\" \/>\n<meta property=\"og:site_name\" content=\"M&amp;T Expo - ES\" \/>\n<meta property=\"article:publisher\" content=\"https:\/\/www.facebook.com\/feiramtexpo\/\" \/>\n<meta property=\"article:published_time\" content=\"2023-04-12T17:24:52+00:00\" \/>\n<meta property=\"article:modified_time\" content=\"2023-04-12T17:24:53+00:00\" \/>\n<meta property=\"og:image\" content=\"https:\/\/www.mtexpo.com.br\/es\/wp-content\/uploads\/sites\/3\/2023\/04\/rodoanel.jpg\" \/>\n\t<meta property=\"og:image:width\" content=\"768\" \/>\n\t<meta property=\"og:image:height\" content=\"512\" \/>\n\t<meta property=\"og:image:type\" content=\"image\/jpeg\" \/>\n<meta name=\"author\" content=\"Yasmin Ribeiro\" \/>\n<meta name=\"twitter:card\" content=\"summary_large_image\" \/>\n<meta name=\"twitter:label1\" content=\"Written by\" \/>\n\t<meta name=\"twitter:data1\" content=\"Yasmin Ribeiro\" \/>\n\t<meta name=\"twitter:label2\" content=\"Est. reading time\" \/>\n\t<meta name=\"twitter:data2\" content=\"3 minutes\" \/>\n<script type=\"application\/ld+json\" class=\"yoast-schema-graph\">{\"@context\":\"https:\/\/schema.org\",\"@graph\":[{\"@type\":\"Article\",\"@id\":\"https:\/\/www.mtexpo.com.br\/es\/2023\/04\/12\/construccion-del-tramo-norte-de-rodoanel-circunvalacion-sera-retomada-en-sp\/#article\",\"isPartOf\":{\"@id\":\"https:\/\/www.mtexpo.com.br\/es\/2023\/04\/12\/construccion-del-tramo-norte-de-rodoanel-circunvalacion-sera-retomada-en-sp\/\"},\"author\":{\"name\":\"Yasmin Ribeiro\",\"@id\":\"https:\/\/www.mtexpo.com.br\/es\/#\/schema\/person\/335d1f123b404f4eeee3c77d3eff4bfd\"},\"headline\":\"Construcci\u00f3n del Tramo Norte de Rodoanel (Circunvalaci\u00f3n) ser\u00e1 retomada, en SP\",\"datePublished\":\"2023-04-12T17:24:52+00:00\",\"dateModified\":\"2023-04-12T17:24:53+00:00\",\"mainEntityOfPage\":{\"@id\":\"https:\/\/www.mtexpo.com.br\/es\/2023\/04\/12\/construccion-del-tramo-norte-de-rodoanel-circunvalacion-sera-retomada-en-sp\/\"},\"wordCount\":506,\"commentCount\":0,\"publisher\":{\"@id\":\"https:\/\/www.mtexpo.com.br\/es\/#organization\"},\"articleSection\":[\"Infraestructura\"],\"inLanguage\":\"es-ES\",\"potentialAction\":[{\"@type\":\"CommentAction\",\"name\":\"Comment\",\"target\":[\"https:\/\/www.mtexpo.com.br\/es\/2023\/04\/12\/construccion-del-tramo-norte-de-rodoanel-circunvalacion-sera-retomada-en-sp\/#respond\"]}]},{\"@type\":\"WebPage\",\"@id\":\"https:\/\/www.mtexpo.com.br\/es\/2023\/04\/12\/construccion-del-tramo-norte-de-rodoanel-circunvalacion-sera-retomada-en-sp\/\",\"url\":\"https:\/\/www.mtexpo.com.br\/es\/2023\/04\/12\/construccion-del-tramo-norte-de-rodoanel-circunvalacion-sera-retomada-en-sp\/\",\"name\":\"Construcci\u00f3n del Tramo Norte de Rodoanel (Circunvalaci\u00f3n) ser\u00e1 retomada, en SP | M&T Expo\",\"isPartOf\":{\"@id\":\"https:\/\/www.mtexpo.com.br\/es\/#website\"},\"datePublished\":\"2023-04-12T17:24:52+00:00\",\"dateModified\":\"2023-04-12T17:24:53+00:00\",\"description\":\"Las obras del Tramo Norte del Rodoanel de S\u00e3o Paulo se retomar\u00e1n tras haber sido interrumpidas hace cinco a\u00f1os\",\"breadcrumb\":{\"@id\":\"https:\/\/www.mtexpo.com.br\/es\/2023\/04\/12\/construccion-del-tramo-norte-de-rodoanel-circunvalacion-sera-retomada-en-sp\/#breadcrumb\"},\"inLanguage\":\"es-ES\",\"potentialAction\":[{\"@type\":\"ReadAction\",\"target\":[\"https:\/\/www.mtexpo.com.br\/es\/2023\/04\/12\/construccion-del-tramo-norte-de-rodoanel-circunvalacion-sera-retomada-en-sp\/\"]}]},{\"@type\":\"BreadcrumbList\",\"@id\":\"https:\/\/www.mtexpo.com.br\/es\/2023\/04\/12\/construccion-del-tramo-norte-de-rodoanel-circunvalacion-sera-retomada-en-sp\/#breadcrumb\",\"itemListElement\":[{\"@type\":\"ListItem\",\"position\":1,\"name\":\"In\u00edcio\",\"item\":\"https:\/\/www.mtexpo.com.br\/es\/\"},{\"@type\":\"ListItem\",\"position\":2,\"name\":\"Construcci\u00f3n del Tramo Norte de Rodoanel (Circunvalaci\u00f3n) ser\u00e1 retomada, en SP\"}]},{\"@type\":\"WebSite\",\"@id\":\"https:\/\/www.mtexpo.com.br\/es\/#website\",\"url\":\"https:\/\/www.mtexpo.com.br\/es\/\",\"name\":\"M&T Expo\",\"description\":\"Part of bauma NETWORK\",\"publisher\":{\"@id\":\"https:\/\/www.mtexpo.com.br\/es\/#organization\"},\"alternateName\":\"M&T Expo\",\"potentialAction\":[{\"@type\":\"SearchAction\",\"target\":{\"@type\":\"EntryPoint\",\"urlTemplate\":\"https:\/\/www.mtexpo.com.br\/es\/?s={search_term_string}\"},\"query-input\":\"required name=search_term_string\"}],\"inLanguage\":\"es-ES\"},{\"@type\":\"Organization\",\"@id\":\"https:\/\/www.mtexpo.com.br\/es\/#organization\",\"name\":\"M&T Expo\",\"alternateName\":\"M&T Expo\",\"url\":\"https:\/\/www.mtexpo.com.br\/es\/\",\"logo\":{\"@type\":\"ImageObject\",\"inLanguage\":\"es-ES\",\"@id\":\"https:\/\/www.mtexpo.com.br\/es\/#\/schema\/logo\/image\/\",\"url\":\"https:\/\/www.mtexpo.com.br\/es\/wp-content\/uploads\/sites\/3\/2022\/12\/logo-MT-expo.svg\",\"contentUrl\":\"https:\/\/www.mtexpo.com.br\/es\/wp-content\/uploads\/sites\/3\/2022\/12\/logo-MT-expo.svg\",\"width\":350,\"height\":70,\"caption\":\"M&T Expo\"},\"image\":{\"@id\":\"https:\/\/www.mtexpo.com.br\/es\/#\/schema\/logo\/image\/\"},\"sameAs\":[\"https:\/\/www.facebook.com\/feiramtexpo\/\",\"https:\/\/www.youtube.com\/c\/mtexpofeira\",\"https:\/\/www.instagram.com\/feiramtexpo\/\"]},{\"@type\":\"Person\",\"@id\":\"https:\/\/www.mtexpo.com.br\/es\/#\/schema\/person\/335d1f123b404f4eeee3c77d3eff4bfd\",\"name\":\"Yasmin Ribeiro\",\"image\":{\"@type\":\"ImageObject\",\"inLanguage\":\"es-ES\",\"@id\":\"https:\/\/www.mtexpo.com.br\/es\/#\/schema\/person\/image\/\",\"url\":\"https:\/\/secure.gravatar.com\/avatar\/bf734aef4167ed7e812cf407c1f725c9?s=96&d=mm&r=g\",\"contentUrl\":\"https:\/\/secure.gravatar.com\/avatar\/bf734aef4167ed7e812cf407c1f725c9?s=96&d=mm&r=g\",\"caption\":\"Yasmin Ribeiro\"},\"url\":\"https:\/\/www.mtexpo.com.br\/es\/author\/thiagobento\/\"}]}<\/script>\n<!-- \/ Yoast SEO plugin. -->","yoast_head_json":{"title":"Construcci\u00f3n del Tramo Norte de Rodoanel (Circunvalaci\u00f3n) ser\u00e1 retomada, en SP | M&T Expo","description":"Las obras del Tramo Norte del Rodoanel de S\u00e3o Paulo se retomar\u00e1n tras haber sido interrumpidas hace cinco a\u00f1os","robots":{"index":"index","follow":"follow","max-snippet":"max-snippet:-1","max-image-preview":"max-image-preview:large","max-video-preview":"max-video-preview:-1"},"canonical":"https:\/\/www.mtexpo.com.br\/es\/2023\/04\/12\/construccion-del-tramo-norte-de-rodoanel-circunvalacion-sera-retomada-en-sp\/","og_locale":"es_ES","og_type":"article","og_title":"Construcci\u00f3n del Tramo Norte de Rodoanel (Circunvalaci\u00f3n) ser\u00e1 retomada, en SP | M&T Expo","og_description":"Las obras del Tramo Norte del Rodoanel de S\u00e3o Paulo se retomar\u00e1n tras haber sido interrumpidas hace cinco a\u00f1os","og_url":"https:\/\/www.mtexpo.com.br\/es\/2023\/04\/12\/construccion-del-tramo-norte-de-rodoanel-circunvalacion-sera-retomada-en-sp\/","og_site_name":"M&amp;T Expo - ES","article_publisher":"https:\/\/www.facebook.com\/feiramtexpo\/","article_published_time":"2023-04-12T17:24:52+00:00","article_modified_time":"2023-04-12T17:24:53+00:00","og_image":[{"width":768,"height":512,"url":"https:\/\/www.mtexpo.com.br\/es\/wp-content\/uploads\/sites\/3\/2023\/04\/rodoanel.jpg","type":"image\/jpeg"}],"author":"Yasmin Ribeiro","twitter_card":"summary_large_image","twitter_misc":{"Written by":"Yasmin Ribeiro","Est. reading time":"3 minutes"},"schema":{"@context":"https:\/\/schema.org","@graph":[{"@type":"Article","@id":"https:\/\/www.mtexpo.com.br\/es\/2023\/04\/12\/construccion-del-tramo-norte-de-rodoanel-circunvalacion-sera-retomada-en-sp\/#article","isPartOf":{"@id":"https:\/\/www.mtexpo.com.br\/es\/2023\/04\/12\/construccion-del-tramo-norte-de-rodoanel-circunvalacion-sera-retomada-en-sp\/"},"author":{"name":"Yasmin Ribeiro","@id":"https:\/\/www.mtexpo.com.br\/es\/#\/schema\/person\/335d1f123b404f4eeee3c77d3eff4bfd"},"headline":"Construcci\u00f3n del Tramo Norte de Rodoanel (Circunvalaci\u00f3n) ser\u00e1 retomada, en SP","datePublished":"2023-04-12T17:24:52+00:00","dateModified":"2023-04-12T17:24:53+00:00","mainEntityOfPage":{"@id":"https:\/\/www.mtexpo.com.br\/es\/2023\/04\/12\/construccion-del-tramo-norte-de-rodoanel-circunvalacion-sera-retomada-en-sp\/"},"wordCount":506,"commentCount":0,"publisher":{"@id":"https:\/\/www.mtexpo.com.br\/es\/#organization"},"articleSection":["Infraestructura"],"inLanguage":"es-ES","potentialAction":[{"@type":"CommentAction","name":"Comment","target":["https:\/\/www.mtexpo.com.br\/es\/2023\/04\/12\/construccion-del-tramo-norte-de-rodoanel-circunvalacion-sera-retomada-en-sp\/#respond"]}]},{"@type":"WebPage","@id":"https:\/\/www.mtexpo.com.br\/es\/2023\/04\/12\/construccion-del-tramo-norte-de-rodoanel-circunvalacion-sera-retomada-en-sp\/","url":"https:\/\/www.mtexpo.com.br\/es\/2023\/04\/12\/construccion-del-tramo-norte-de-rodoanel-circunvalacion-sera-retomada-en-sp\/","name":"Construcci\u00f3n del Tramo Norte de Rodoanel (Circunvalaci\u00f3n) ser\u00e1 retomada, en SP | M&T Expo","isPartOf":{"@id":"https:\/\/www.mtexpo.com.br\/es\/#website"},"datePublished":"2023-04-12T17:24:52+00:00","dateModified":"2023-04-12T17:24:53+00:00","description":"Las obras del Tramo Norte del Rodoanel de S\u00e3o Paulo se retomar\u00e1n tras haber sido interrumpidas hace cinco a\u00f1os","breadcrumb":{"@id":"https:\/\/www.mtexpo.com.br\/es\/2023\/04\/12\/construccion-del-tramo-norte-de-rodoanel-circunvalacion-sera-retomada-en-sp\/#breadcrumb"},"inLanguage":"es-ES","potentialAction":[{"@type":"ReadAction","target":["https:\/\/www.mtexpo.com.br\/es\/2023\/04\/12\/construccion-del-tramo-norte-de-rodoanel-circunvalacion-sera-retomada-en-sp\/"]}]},{"@type":"BreadcrumbList","@id":"https:\/\/www.mtexpo.com.br\/es\/2023\/04\/12\/construccion-del-tramo-norte-de-rodoanel-circunvalacion-sera-retomada-en-sp\/#breadcrumb","itemListElement":[{"@type":"ListItem","position":1,"name":"In\u00edcio","item":"https:\/\/www.mtexpo.com.br\/es\/"},{"@type":"ListItem","position":2,"name":"Construcci\u00f3n del Tramo Norte de Rodoanel (Circunvalaci\u00f3n) ser\u00e1 retomada, en SP"}]},{"@type":"WebSite","@id":"https:\/\/www.mtexpo.com.br\/es\/#website","url":"https:\/\/www.mtexpo.com.br\/es\/","name":"M&T Expo","description":"Part of bauma NETWORK","publisher":{"@id":"https:\/\/www.mtexpo.com.br\/es\/#organization"},"alternateName":"M&T Expo","potentialAction":[{"@type":"SearchAction","target":{"@type":"EntryPoint","urlTemplate":"https:\/\/www.mtexpo.com.br\/es\/?s={search_term_string}"},"query-input":"required name=search_term_string"}],"inLanguage":"es-ES"},{"@type":"Organization","@id":"https:\/\/www.mtexpo.com.br\/es\/#organization","name":"M&T Expo","alternateName":"M&T Expo","url":"https:\/\/www.mtexpo.com.br\/es\/","logo":{"@type":"ImageObject","inLanguage":"es-ES","@id":"https:\/\/www.mtexpo.com.br\/es\/#\/schema\/logo\/image\/","url":"https:\/\/www.mtexpo.com.br\/es\/wp-content\/uploads\/sites\/3\/2022\/12\/logo-MT-expo.svg","contentUrl":"https:\/\/www.mtexpo.com.br\/es\/wp-content\/uploads\/sites\/3\/2022\/12\/logo-MT-expo.svg","width":350,"height":70,"caption":"M&T Expo"},"image":{"@id":"https:\/\/www.mtexpo.com.br\/es\/#\/schema\/logo\/image\/"},"sameAs":["https:\/\/www.facebook.com\/feiramtexpo\/","https:\/\/www.youtube.com\/c\/mtexpofeira","https:\/\/www.instagram.com\/feiramtexpo\/"]},{"@type":"Person","@id":"https:\/\/www.mtexpo.com.br\/es\/#\/schema\/person\/335d1f123b404f4eeee3c77d3eff4bfd","name":"Yasmin Ribeiro","image":{"@type":"ImageObject","inLanguage":"es-ES","@id":"https:\/\/www.mtexpo.com.br\/es\/#\/schema\/person\/image\/","url":"https:\/\/secure.gravatar.com\/avatar\/bf734aef4167ed7e812cf407c1f725c9?s=96&d=mm&r=g","contentUrl":"https:\/\/secure.gravatar.com\/avatar\/bf734aef4167ed7e812cf407c1f725c9?s=96&d=mm&r=g","caption":"Yasmin Ribeiro"},"url":"https:\/\/www.mtexpo.com.br\/es\/author\/thiagobento\/"}]}},"_links":{"self":[{"href":"https:\/\/www.mtexpo.com.br\/es\/wp-json\/wp\/v2\/posts\/777"}],"collection":[{"href":"https:\/\/www.mtexpo.com.br\/es\/wp-json\/wp\/v2\/posts"}],"about":[{"href":"https:\/\/www.mtexpo.com.br\/es\/wp-json\/wp\/v2\/types\/post"}],"author":[{"embeddable":true,"href":"https:\/\/www.mtexpo.com.br\/es\/wp-json\/wp\/v2\/users\/7"}],"replies":[{"embeddable":true,"href":"https:\/\/www.mtexpo.com.br\/es\/wp-json\/wp\/v2\/comments?post=777"}],"version-history":[{"count":3,"href":"https:\/\/www.mtexpo.com.br\/es\/wp-json\/wp\/v2\/posts\/777\/revisions"}],"predecessor-version":[{"id":784,"href":"https:\/\/www.mtexpo.com.br\/es\/wp-json\/wp\/v2\/posts\/777\/revisions\/784"}],"wp:featuredmedia":[{"embeddable":true,"href":"https:\/\/www.mtexpo.com.br\/es\/wp-json\/wp\/v2\/media\/778"}],"wp:attachment":[{"href":"https:\/\/www.mtexpo.com.br\/es\/wp-json\/wp\/v2\/media?parent=777"}],"wp:term":[{"taxonomy":"category","embeddable":true,"href":"https:\/\/www.mtexpo.com.br\/es\/wp-json\/wp\/v2\/categories?post=777"},{"taxonomy":"post_tag","embeddable":true,"href":"https:\/\/www.mtexpo.com.br\/es\/wp-json\/wp\/v2\/tags?post=777"}],"curies":[{"name":"wp","href":"https:\/\/api.w.org\/{rel}","templated":true}]}}