{"id":802,"date":"2023-04-18T12:04:03","date_gmt":"2023-04-18T15:04:03","guid":{"rendered":"https:\/\/www.mtexpo.com.br\/es\/?p=802"},"modified":"2023-04-18T12:04:04","modified_gmt":"2023-04-18T15:04:04","slug":"ventas-de-implementos-viales-aumentan-34","status":"publish","type":"post","link":"https:\/\/www.mtexpo.com.br\/es\/2023\/04\/18\/ventas-de-implementos-viales-aumentan-34\/","title":{"rendered":"<strong>Ventas de implementos viales aumentan 34%<\/strong>"},"content":{"rendered":"\n<p><em>En el mes de marzo, se registraron en Brasil 14.851 carrocer\u00edas, remolques y semirremolques, 3.827 unidades m\u00e1s que en febrero.<\/em><\/p>\n\n\n\n<p>El registro de nuevos implementos viales utilizados en los sectores de la construcci\u00f3n civil y agr\u00edcola creci\u00f3 34,7% en el mes de marzo. Seg\u00fan la Associa\u00e7\u00e3o Nacional dos Fabricantes de Implementos Rodovi\u00e1rios (Anfir), se registraron 14.851 unidades, 3.827 m\u00e1s que las 11.024 registradas en febrero, destac\u00e1ndose las ventas para los sectores de agroindustria y construcci\u00f3n.<\/p>\n\n\n\n<p>Adem\u00e1s del incremento con relaci\u00f3n al mes anterior, tambi\u00e9n se puede observar el buen desempe\u00f1o en comparaci\u00f3n al mismo per\u00edodo del a\u00f1o pasado, cuando se registraron 13.022 carrocer\u00edas sobre chasis y semirremolques. Como resultado, los n\u00fameros acumulados del primer trimestre, estimados en 37.532 unidades vendidas, tambi\u00e9n son positivos, representando un aumento del 4,3% ante las 35.986 ventas realizadas en los tres primeros meses del a\u00f1o pasado.<\/p>\n\n\n\n<p>De acuerdo con Anfir, este buen desempe\u00f1o se debe a la cosecha r\u00e9cord de granos, as\u00ed como, al fortalecimiento del sector de construcci\u00f3n civil, demanda que impacta de manera positiva el segmento de semirremolques y remolques.<\/p>\n\n\n\n<p>Por otro lado, el registro de carrocer\u00edas sobre chasis se mantuvo estable en el acumulado del trimestre. Fueron 16.642 unidades, una variaci\u00f3n del 0,95% con relaci\u00f3n a los 16.482 productos registrados en el primer trimestre de 2022.<\/p>\n\n\n\n<p>Por: Santelmo Camilo<\/p>\n","protected":false},"excerpt":{"rendered":"<p>El registro de nuevos implementos viales utilizados en los sectores de la construcci\u00f3n civil y agr\u00edcola creci\u00f3 34,7% en el mes de marzo. Seg\u00fan la Associa\u00e7\u00e3o Nacional dos Fabricantes de Implementos Rodovi\u00e1rios (Anfir), se registraron 14.851 unidades, 3.827 m\u00e1s que las 11.024 registradas en febrero, destac\u00e1ndose las ventas para los sectores de agroindustria y construcci\u00f3n.<\/p>\n","protected":false},"author":7,"featured_media":803,"comment_status":"open","ping_status":"open","sticky":false,"template":"","format":"standard","meta":[],"categories":[12],"tags":[],"acf":[],"yoast_head":"<!-- This site is optimized with the Yoast SEO plugin v20.8 - https:\/\/yoast.com\/wordpress\/plugins\/seo\/ -->\n<title>Ventas de implementos viales aumentan 34% | M&amp;T Expo<\/title>\n<meta name=\"description\" content=\"En el mes de marzo, se registraron en Brasil 14.851 carrocer\u00edas, remolques y semirremolques, 3.827 unidades m\u00e1s que en febrero.\" \/>\n<meta name=\"robots\" content=\"index, follow, max-snippet:-1, max-image-preview:large, max-video-preview:-1\" \/>\n<link rel=\"canonical\" href=\"https:\/\/www.mtexpo.com.br\/es\/2023\/04\/18\/ventas-de-implementos-viales-aumentan-34\/\" \/>\n<meta property=\"og:locale\" content=\"es_ES\" \/>\n<meta property=\"og:type\" content=\"article\" \/>\n<meta property=\"og:title\" content=\"Ventas de implementos viales aumentan 34% | M&amp;T Expo\" \/>\n<meta property=\"og:description\" content=\"En el mes de marzo, se registraron en Brasil 14.851 carrocer\u00edas, remolques y semirremolques, 3.827 unidades m\u00e1s que en febrero.\" \/>\n<meta property=\"og:url\" content=\"https:\/\/www.mtexpo.com.br\/es\/2023\/04\/18\/ventas-de-implementos-viales-aumentan-34\/\" \/>\n<meta property=\"og:site_name\" content=\"M&amp;T Expo - ES\" \/>\n<meta property=\"article:publisher\" content=\"https:\/\/www.facebook.com\/feiramtexpo\/\" \/>\n<meta property=\"article:published_time\" content=\"2023-04-18T15:04:03+00:00\" \/>\n<meta property=\"article:modified_time\" content=\"2023-04-18T15:04:04+00:00\" \/>\n<meta property=\"og:image\" content=\"https:\/\/www.mtexpo.com.br\/es\/wp-content\/uploads\/sites\/3\/2023\/04\/MicrosoftTeams-image-2.jpg\" \/>\n\t<meta property=\"og:image:width\" content=\"750\" \/>\n\t<meta property=\"og:image:height\" content=\"410\" \/>\n\t<meta property=\"og:image:type\" content=\"image\/jpeg\" \/>\n<meta name=\"author\" content=\"Yasmin Ribeiro\" \/>\n<meta name=\"twitter:card\" content=\"summary_large_image\" \/>\n<meta name=\"twitter:label1\" content=\"Written by\" \/>\n\t<meta name=\"twitter:data1\" content=\"Yasmin Ribeiro\" \/>\n\t<meta name=\"twitter:label2\" content=\"Est. reading time\" \/>\n\t<meta name=\"twitter:data2\" content=\"2 minutes\" \/>\n<script type=\"application\/ld+json\" class=\"yoast-schema-graph\">{\"@context\":\"https:\/\/schema.org\",\"@graph\":[{\"@type\":\"Article\",\"@id\":\"https:\/\/www.mtexpo.com.br\/es\/2023\/04\/18\/ventas-de-implementos-viales-aumentan-34\/#article\",\"isPartOf\":{\"@id\":\"https:\/\/www.mtexpo.com.br\/es\/2023\/04\/18\/ventas-de-implementos-viales-aumentan-34\/\"},\"author\":{\"name\":\"Yasmin Ribeiro\",\"@id\":\"https:\/\/www.mtexpo.com.br\/es\/#\/schema\/person\/335d1f123b404f4eeee3c77d3eff4bfd\"},\"headline\":\"Ventas de implementos viales aumentan 34%\",\"datePublished\":\"2023-04-18T15:04:03+00:00\",\"dateModified\":\"2023-04-18T15:04:04+00:00\",\"mainEntityOfPage\":{\"@id\":\"https:\/\/www.mtexpo.com.br\/es\/2023\/04\/18\/ventas-de-implementos-viales-aumentan-34\/\"},\"wordCount\":235,\"commentCount\":0,\"publisher\":{\"@id\":\"https:\/\/www.mtexpo.com.br\/es\/#organization\"},\"articleSection\":[\"Infraestructura\"],\"inLanguage\":\"es-ES\",\"potentialAction\":[{\"@type\":\"CommentAction\",\"name\":\"Comment\",\"target\":[\"https:\/\/www.mtexpo.com.br\/es\/2023\/04\/18\/ventas-de-implementos-viales-aumentan-34\/#respond\"]}]},{\"@type\":\"WebPage\",\"@id\":\"https:\/\/www.mtexpo.com.br\/es\/2023\/04\/18\/ventas-de-implementos-viales-aumentan-34\/\",\"url\":\"https:\/\/www.mtexpo.com.br\/es\/2023\/04\/18\/ventas-de-implementos-viales-aumentan-34\/\",\"name\":\"Ventas de implementos viales aumentan 34% | M&T Expo\",\"isPartOf\":{\"@id\":\"https:\/\/www.mtexpo.com.br\/es\/#website\"},\"datePublished\":\"2023-04-18T15:04:03+00:00\",\"dateModified\":\"2023-04-18T15:04:04+00:00\",\"description\":\"En el mes de marzo, se registraron en Brasil 14.851 carrocer\u00edas, remolques y semirremolques, 3.827 unidades m\u00e1s que en febrero.\",\"breadcrumb\":{\"@id\":\"https:\/\/www.mtexpo.com.br\/es\/2023\/04\/18\/ventas-de-implementos-viales-aumentan-34\/#breadcrumb\"},\"inLanguage\":\"es-ES\",\"potentialAction\":[{\"@type\":\"ReadAction\",\"target\":[\"https:\/\/www.mtexpo.com.br\/es\/2023\/04\/18\/ventas-de-implementos-viales-aumentan-34\/\"]}]},{\"@type\":\"BreadcrumbList\",\"@id\":\"https:\/\/www.mtexpo.com.br\/es\/2023\/04\/18\/ventas-de-implementos-viales-aumentan-34\/#breadcrumb\",\"itemListElement\":[{\"@type\":\"ListItem\",\"position\":1,\"name\":\"In\u00edcio\",\"item\":\"https:\/\/www.mtexpo.com.br\/es\/\"},{\"@type\":\"ListItem\",\"position\":2,\"name\":\"Ventas de implementos viales aumentan 34%\"}]},{\"@type\":\"WebSite\",\"@id\":\"https:\/\/www.mtexpo.com.br\/es\/#website\",\"url\":\"https:\/\/www.mtexpo.com.br\/es\/\",\"name\":\"M&T Expo\",\"description\":\"Part of bauma NETWORK\",\"publisher\":{\"@id\":\"https:\/\/www.mtexpo.com.br\/es\/#organization\"},\"alternateName\":\"M&T Expo\",\"potentialAction\":[{\"@type\":\"SearchAction\",\"target\":{\"@type\":\"EntryPoint\",\"urlTemplate\":\"https:\/\/www.mtexpo.com.br\/es\/?s={search_term_string}\"},\"query-input\":\"required name=search_term_string\"}],\"inLanguage\":\"es-ES\"},{\"@type\":\"Organization\",\"@id\":\"https:\/\/www.mtexpo.com.br\/es\/#organization\",\"name\":\"M&T Expo\",\"alternateName\":\"M&T Expo\",\"url\":\"https:\/\/www.mtexpo.com.br\/es\/\",\"logo\":{\"@type\":\"ImageObject\",\"inLanguage\":\"es-ES\",\"@id\":\"https:\/\/www.mtexpo.com.br\/es\/#\/schema\/logo\/image\/\",\"url\":\"https:\/\/www.mtexpo.com.br\/es\/wp-content\/uploads\/sites\/3\/2022\/12\/logo-MT-expo.svg\",\"contentUrl\":\"https:\/\/www.mtexpo.com.br\/es\/wp-content\/uploads\/sites\/3\/2022\/12\/logo-MT-expo.svg\",\"width\":350,\"height\":70,\"caption\":\"M&T Expo\"},\"image\":{\"@id\":\"https:\/\/www.mtexpo.com.br\/es\/#\/schema\/logo\/image\/\"},\"sameAs\":[\"https:\/\/www.facebook.com\/feiramtexpo\/\",\"https:\/\/www.youtube.com\/c\/mtexpofeira\",\"https:\/\/www.instagram.com\/feiramtexpo\/\"]},{\"@type\":\"Person\",\"@id\":\"https:\/\/www.mtexpo.com.br\/es\/#\/schema\/person\/335d1f123b404f4eeee3c77d3eff4bfd\",\"name\":\"Yasmin Ribeiro\",\"image\":{\"@type\":\"ImageObject\",\"inLanguage\":\"es-ES\",\"@id\":\"https:\/\/www.mtexpo.com.br\/es\/#\/schema\/person\/image\/\",\"url\":\"https:\/\/secure.gravatar.com\/avatar\/bf734aef4167ed7e812cf407c1f725c9?s=96&d=mm&r=g\",\"contentUrl\":\"https:\/\/secure.gravatar.com\/avatar\/bf734aef4167ed7e812cf407c1f725c9?s=96&d=mm&r=g\",\"caption\":\"Yasmin Ribeiro\"},\"url\":\"https:\/\/www.mtexpo.com.br\/es\/author\/thiagobento\/\"}]}<\/script>\n<!-- \/ Yoast SEO plugin. -->","yoast_head_json":{"title":"Ventas de implementos viales aumentan 34% | M&T Expo","description":"En el mes de marzo, se registraron en Brasil 14.851 carrocer\u00edas, remolques y semirremolques, 3.827 unidades m\u00e1s que en febrero.","robots":{"index":"index","follow":"follow","max-snippet":"max-snippet:-1","max-image-preview":"max-image-preview:large","max-video-preview":"max-video-preview:-1"},"canonical":"https:\/\/www.mtexpo.com.br\/es\/2023\/04\/18\/ventas-de-implementos-viales-aumentan-34\/","og_locale":"es_ES","og_type":"article","og_title":"Ventas de implementos viales aumentan 34% | M&T Expo","og_description":"En el mes de marzo, se registraron en Brasil 14.851 carrocer\u00edas, remolques y semirremolques, 3.827 unidades m\u00e1s que en febrero.","og_url":"https:\/\/www.mtexpo.com.br\/es\/2023\/04\/18\/ventas-de-implementos-viales-aumentan-34\/","og_site_name":"M&amp;T Expo - ES","article_publisher":"https:\/\/www.facebook.com\/feiramtexpo\/","article_published_time":"2023-04-18T15:04:03+00:00","article_modified_time":"2023-04-18T15:04:04+00:00","og_image":[{"width":750,"height":410,"url":"https:\/\/www.mtexpo.com.br\/es\/wp-content\/uploads\/sites\/3\/2023\/04\/MicrosoftTeams-image-2.jpg","type":"image\/jpeg"}],"author":"Yasmin Ribeiro","twitter_card":"summary_large_image","twitter_misc":{"Written by":"Yasmin Ribeiro","Est. reading time":"2 minutes"},"schema":{"@context":"https:\/\/schema.org","@graph":[{"@type":"Article","@id":"https:\/\/www.mtexpo.com.br\/es\/2023\/04\/18\/ventas-de-implementos-viales-aumentan-34\/#article","isPartOf":{"@id":"https:\/\/www.mtexpo.com.br\/es\/2023\/04\/18\/ventas-de-implementos-viales-aumentan-34\/"},"author":{"name":"Yasmin Ribeiro","@id":"https:\/\/www.mtexpo.com.br\/es\/#\/schema\/person\/335d1f123b404f4eeee3c77d3eff4bfd"},"headline":"Ventas de implementos viales aumentan 34%","datePublished":"2023-04-18T15:04:03+00:00","dateModified":"2023-04-18T15:04:04+00:00","mainEntityOfPage":{"@id":"https:\/\/www.mtexpo.com.br\/es\/2023\/04\/18\/ventas-de-implementos-viales-aumentan-34\/"},"wordCount":235,"commentCount":0,"publisher":{"@id":"https:\/\/www.mtexpo.com.br\/es\/#organization"},"articleSection":["Infraestructura"],"inLanguage":"es-ES","potentialAction":[{"@type":"CommentAction","name":"Comment","target":["https:\/\/www.mtexpo.com.br\/es\/2023\/04\/18\/ventas-de-implementos-viales-aumentan-34\/#respond"]}]},{"@type":"WebPage","@id":"https:\/\/www.mtexpo.com.br\/es\/2023\/04\/18\/ventas-de-implementos-viales-aumentan-34\/","url":"https:\/\/www.mtexpo.com.br\/es\/2023\/04\/18\/ventas-de-implementos-viales-aumentan-34\/","name":"Ventas de implementos viales aumentan 34% | M&T Expo","isPartOf":{"@id":"https:\/\/www.mtexpo.com.br\/es\/#website"},"datePublished":"2023-04-18T15:04:03+00:00","dateModified":"2023-04-18T15:04:04+00:00","description":"En el mes de marzo, se registraron en Brasil 14.851 carrocer\u00edas, remolques y semirremolques, 3.827 unidades m\u00e1s que en febrero.","breadcrumb":{"@id":"https:\/\/www.mtexpo.com.br\/es\/2023\/04\/18\/ventas-de-implementos-viales-aumentan-34\/#breadcrumb"},"inLanguage":"es-ES","potentialAction":[{"@type":"ReadAction","target":["https:\/\/www.mtexpo.com.br\/es\/2023\/04\/18\/ventas-de-implementos-viales-aumentan-34\/"]}]},{"@type":"BreadcrumbList","@id":"https:\/\/www.mtexpo.com.br\/es\/2023\/04\/18\/ventas-de-implementos-viales-aumentan-34\/#breadcrumb","itemListElement":[{"@type":"ListItem","position":1,"name":"In\u00edcio","item":"https:\/\/www.mtexpo.com.br\/es\/"},{"@type":"ListItem","position":2,"name":"Ventas de implementos viales aumentan 34%"}]},{"@type":"WebSite","@id":"https:\/\/www.mtexpo.com.br\/es\/#website","url":"https:\/\/www.mtexpo.com.br\/es\/","name":"M&T Expo","description":"Part of bauma NETWORK","publisher":{"@id":"https:\/\/www.mtexpo.com.br\/es\/#organization"},"alternateName":"M&T Expo","potentialAction":[{"@type":"SearchAction","target":{"@type":"EntryPoint","urlTemplate":"https:\/\/www.mtexpo.com.br\/es\/?s={search_term_string}"},"query-input":"required name=search_term_string"}],"inLanguage":"es-ES"},{"@type":"Organization","@id":"https:\/\/www.mtexpo.com.br\/es\/#organization","name":"M&T Expo","alternateName":"M&T Expo","url":"https:\/\/www.mtexpo.com.br\/es\/","logo":{"@type":"ImageObject","inLanguage":"es-ES","@id":"https:\/\/www.mtexpo.com.br\/es\/#\/schema\/logo\/image\/","url":"https:\/\/www.mtexpo.com.br\/es\/wp-content\/uploads\/sites\/3\/2022\/12\/logo-MT-expo.svg","contentUrl":"https:\/\/www.mtexpo.com.br\/es\/wp-content\/uploads\/sites\/3\/2022\/12\/logo-MT-expo.svg","width":350,"height":70,"caption":"M&T Expo"},"image":{"@id":"https:\/\/www.mtexpo.com.br\/es\/#\/schema\/logo\/image\/"},"sameAs":["https:\/\/www.facebook.com\/feiramtexpo\/","https:\/\/www.youtube.com\/c\/mtexpofeira","https:\/\/www.instagram.com\/feiramtexpo\/"]},{"@type":"Person","@id":"https:\/\/www.mtexpo.com.br\/es\/#\/schema\/person\/335d1f123b404f4eeee3c77d3eff4bfd","name":"Yasmin Ribeiro","image":{"@type":"ImageObject","inLanguage":"es-ES","@id":"https:\/\/www.mtexpo.com.br\/es\/#\/schema\/person\/image\/","url":"https:\/\/secure.gravatar.com\/avatar\/bf734aef4167ed7e812cf407c1f725c9?s=96&d=mm&r=g","contentUrl":"https:\/\/secure.gravatar.com\/avatar\/bf734aef4167ed7e812cf407c1f725c9?s=96&d=mm&r=g","caption":"Yasmin Ribeiro"},"url":"https:\/\/www.mtexpo.com.br\/es\/author\/thiagobento\/"}]}},"_links":{"self":[{"href":"https:\/\/www.mtexpo.com.br\/es\/wp-json\/wp\/v2\/posts\/802"}],"collection":[{"href":"https:\/\/www.mtexpo.com.br\/es\/wp-json\/wp\/v2\/posts"}],"about":[{"href":"https:\/\/www.mtexpo.com.br\/es\/wp-json\/wp\/v2\/types\/post"}],"author":[{"embeddable":true,"href":"https:\/\/www.mtexpo.com.br\/es\/wp-json\/wp\/v2\/users\/7"}],"replies":[{"embeddable":true,"href":"https:\/\/www.mtexpo.com.br\/es\/wp-json\/wp\/v2\/comments?post=802"}],"version-history":[{"count":2,"href":"https:\/\/www.mtexpo.com.br\/es\/wp-json\/wp\/v2\/posts\/802\/revisions"}],"predecessor-version":[{"id":805,"href":"https:\/\/www.mtexpo.com.br\/es\/wp-json\/wp\/v2\/posts\/802\/revisions\/805"}],"wp:featuredmedia":[{"embeddable":true,"href":"https:\/\/www.mtexpo.com.br\/es\/wp-json\/wp\/v2\/media\/803"}],"wp:attachment":[{"href":"https:\/\/www.mtexpo.com.br\/es\/wp-json\/wp\/v2\/media?parent=802"}],"wp:term":[{"taxonomy":"category","embeddable":true,"href":"https:\/\/www.mtexpo.com.br\/es\/wp-json\/wp\/v2\/categories?post=802"},{"taxonomy":"post_tag","embeddable":true,"href":"https:\/\/www.mtexpo.com.br\/es\/wp-json\/wp\/v2\/tags?post=802"}],"curies":[{"name":"wp","href":"https:\/\/api.w.org\/{rel}","templated":true}]}}