{"id":852,"date":"2023-05-18T17:08:19","date_gmt":"2023-05-18T20:08:19","guid":{"rendered":"https:\/\/www.mtexpo.com.br\/es\/?p=852"},"modified":"2023-05-23T17:14:54","modified_gmt":"2023-05-23T20:14:54","slug":"la-operacion-con-plataformas-requiere-especial-atencion-a-la-seguridad","status":"publish","type":"post","link":"https:\/\/www.mtexpo.com.br\/es\/2023\/05\/18\/la-operacion-con-plataformas-requiere-especial-atencion-a-la-seguridad\/","title":{"rendered":"<strong>La operaci\u00f3n con plataformas requiere especial atenci\u00f3n a la seguridad<\/strong>"},"content":{"rendered":"\n<p><em>En 2022, las ventas de plataformas a\u00e9reas de trabajo aumentaron un 94% en Brasil, generando la necesidad de mano de obra cada vez m\u00e1s calificada para evitar accidentes<\/em><\/p>\n\n\n\n<p>El significativo aumento del uso de Plataformas de Trabajo A\u00e9reo (PTA) en diferentes sectores brasile\u00f1os eleva las cuestiones de seguridad laboral a niveles importantes. Estas m\u00e1quinas se han utilizado en distintas tareas, como mantenimiento de edificios, pintura, limpieza, instalaci\u00f3n de estructuras, entre otras, y el a\u00f1o pasado tuvieron unas ventas sorprendentes, con un aumento del 94% respecto al a\u00f1o anterior. Seg\u00fan el Estudio Sobratema del Mercado Brasile\u00f1o de Equipos, se vendieron 4.500 unidades.<\/p>\n\n\n\n<p>Adem\u00e1s, la elevada cantidad de plataformas adquiridas actualmente por empresas de alquiler es uno de los indicadores de que la demanda de estas m\u00e1quinas en el comercio minorista est\u00e1 en alza: entre el 90% y el 95% de ellas se venden a empresas de alquiler, seg\u00fan Eurimilson Daniel, vicepresidente de Sobratema. Cabe destacar que el 60% del p\u00fablico que visita M&amp;T EXPO busca equipos de elevaci\u00f3n de cargas.<\/p>\n\n\n\n<p>Cuanto m\u00e1s se utilizan, m\u00e1s relevante debe ser la preocupaci\u00f3n por la capacitaci\u00f3n y la seguridad en el trabajo con estos equipos, ya que las consecuencias de un accidente pueden ser graves o mortales. La Federaci\u00f3n Internacional de Acceso Motorizado (IPAF), organismo responsable de la seguridad en las operaciones con PTAs, subraya repetidamente que la falta de capacitaci\u00f3n adecuada es una de las principales causas de accidentes con estos equipos.<\/p>\n\n\n\n<p>Entre los principales incidentes asociados al uso de las PTA figuran los siguientes:<\/p>\n\n\n\n<ol>\n<li>Ca\u00eddas: los trabajadores pueden caerse de la plataforma o de la propia estructura sobre la que se apoya la PTA. Por lo tanto, es esencial utilizar los equipos de protecci\u00f3n individual (EPI) adecuados, como cinturones de seguridad y sistemas de retenci\u00f3n, para minimizar el riesgo de ca\u00edda.<\/li>\n\n\n\n<li>Colisi\u00f3n: las plataformas pueden entrar en contacto con objetos, estructuras o personas durante su uso, causando lesiones graves o da\u00f1os materiales. Es importante que los operadores sean conscientes del entorno que rodea a la m\u00e1quina y utilicen los controles de la PTA con cuidado para evitar colisiones.<\/li>\n\n\n\n<li>Peligro de electrocuci\u00f3n: A menudo se utilizan en zonas cercanas a cables el\u00e9ctricos u otras fuentes de electricidad, lo que puede suponer un peligro de electrocuci\u00f3n para los trabajadores. Por lo tanto, se deben mantener alejadas de cables el\u00e9ctricos y de la red el\u00e9ctrica mientras est\u00e9n en uso, y los trabajadores deben recibir capacitaci\u00f3n sobre medidas de seguridad.<\/li>\n\n\n\n<li>Vuelco: las plataformas pueden volcar si se trabaja de forma inadecuada o si la carga est\u00e1 mal distribuida. Los operadores deben conocer los l\u00edmites de peso y capacidad y seguir las instrucciones de seguridad del fabricante.<\/li>\n\n\n\n<li>Aplastamiento: en caso de descuido, los operadores pueden quedar atrapados o aplastados entre la plataforma y otras estructuras como paredes, suelos o techos. Por tanto, es importante que los trabajadores reciban capacitaci\u00f3n para evitar este tipo de accidentes, as\u00ed como utilizar protecciones de seguridad, como barreras laterales, cuando corresponda.<\/li>\n\n\n\n<li>Intoxicaci\u00f3n: al igual que otros equipos, las plataformas pueden funcionar con gas, di\u00e9sel o electricidad, y los trabajadores no deben estar expuestos a gases de escape, humo u otros productos qu\u00edmicos. Por lo tanto, se recomienda utilizar las m\u00e1quinas a combusti\u00f3n en zonas exteriores y ventiladas.<\/li>\n<\/ol>\n\n\n\n<p><strong>Precauciones esenciales al trabajar con plataformas<\/strong><\/p>\n\n\n\n<p>Para minimizar la probabilidad de riesgos, se deber\u00e1n tomar ciertas precauciones al trabajar con plataformas de trabajo a\u00e9reo, empezando por la selecci\u00f3n del tipo o modelo de m\u00e1quina adecuado y las inspecciones peri\u00f3dicas. &#8220;Es importante elegir la PTA adecuada para la tarea que se va a realizar, teniendo en cuenta la altura de trabajo y la capacidad de carga&#8221;, afirma el especialista Jacques Iazdi, autor del libro Plataformas elevadoras m\u00f3viles de la A a la Z.<\/p>\n\n\n\n<p>Antes de empezar a trabajar, tambi\u00e9n es necesario realizar una inspecci\u00f3n para verificar que est\u00e1 en buenas condiciones de funcionamiento, revisar frenos, mandos, cables, eje de direcci\u00f3n, neum\u00e1ticos, sistema hidr\u00e1ulico y el\u00e9ctrico, entre otros puntos. Todos los operadores de PTA deben recibir un entrenamiento adecuado para el tipo de plataforma que van a manejar, que incluya seguridad, mantenimiento y operaci\u00f3n del equipo.<\/p>\n\n\n\n<p>Adem\u00e1s de los EPI exigidos a los operarios, como casco, cintur\u00f3n de seguridad y calzado con suela antideslizante, la zona de trabajo por la que se desplaza la plataforma debe ser segura, sin obst\u00e1culos, y las personas ajenas a la operaci\u00f3n deben mantenerse alejadas.<\/p>\n\n\n\n<p>Por: Santelmo Camilo<\/p>\n","protected":false},"excerpt":{"rendered":"<p>En 2022, las ventas de plataformas a\u00e9reas de trabajo aumentaron un 94% en Brasil, generando la necesidad de mano de obra cada vez m\u00e1s calificada para evitar accidentes<\/p>\n","protected":false},"author":7,"featured_media":854,"comment_status":"open","ping_status":"open","sticky":false,"template":"","format":"standard","meta":[],"categories":[16],"tags":[],"acf":[],"yoast_head":"<!-- This site is optimized with the Yoast SEO plugin v20.8 - https:\/\/yoast.com\/wordpress\/plugins\/seo\/ -->\n<title>La operaci\u00f3n con plataformas requiere especial atenci\u00f3n a la seguridad | M&amp;T Expo<\/title>\n<meta name=\"description\" content=\"Las ventas de plataformas a\u00e9reas de trabajo aumentaron un 94% en Brasil, generando la necesidad de mano de obra m\u00e1s calificada\" \/>\n<meta name=\"robots\" content=\"index, follow, max-snippet:-1, max-image-preview:large, max-video-preview:-1\" \/>\n<link rel=\"canonical\" href=\"https:\/\/www.mtexpo.com.br\/es\/2023\/05\/18\/la-operacion-con-plataformas-requiere-especial-atencion-a-la-seguridad\/\" \/>\n<meta property=\"og:locale\" content=\"es_ES\" \/>\n<meta property=\"og:type\" content=\"article\" \/>\n<meta property=\"og:title\" content=\"La operaci\u00f3n con plataformas requiere especial atenci\u00f3n a la seguridad | M&amp;T Expo\" \/>\n<meta property=\"og:description\" content=\"Las ventas de plataformas a\u00e9reas de trabajo aumentaron un 94% en Brasil, generando la necesidad de mano de obra m\u00e1s calificada\" \/>\n<meta property=\"og:url\" content=\"https:\/\/www.mtexpo.com.br\/es\/2023\/05\/18\/la-operacion-con-plataformas-requiere-especial-atencion-a-la-seguridad\/\" \/>\n<meta property=\"og:site_name\" content=\"M&amp;T Expo - ES\" \/>\n<meta property=\"article:publisher\" content=\"https:\/\/www.facebook.com\/feiramtexpo\/\" \/>\n<meta property=\"article:published_time\" content=\"2023-05-18T20:08:19+00:00\" \/>\n<meta property=\"article:modified_time\" content=\"2023-05-23T20:14:54+00:00\" \/>\n<meta property=\"og:image\" content=\"https:\/\/www.mtexpo.com.br\/es\/wp-content\/uploads\/sites\/3\/2023\/05\/ainda-menor-canteiro-de-obras-do-novo-edificio-comercial-construcao-em-estrutura-de-aco-scaled.jpg\" \/>\n\t<meta property=\"og:image:width\" content=\"2560\" \/>\n\t<meta property=\"og:image:height\" content=\"1082\" \/>\n\t<meta property=\"og:image:type\" content=\"image\/jpeg\" \/>\n<meta name=\"author\" content=\"Yasmin Ribeiro\" \/>\n<meta name=\"twitter:card\" content=\"summary_large_image\" \/>\n<meta name=\"twitter:label1\" content=\"Written by\" \/>\n\t<meta name=\"twitter:data1\" content=\"Yasmin Ribeiro\" \/>\n\t<meta name=\"twitter:label2\" content=\"Est. reading time\" \/>\n\t<meta name=\"twitter:data2\" content=\"5 minutes\" \/>\n<script type=\"application\/ld+json\" class=\"yoast-schema-graph\">{\"@context\":\"https:\/\/schema.org\",\"@graph\":[{\"@type\":\"Article\",\"@id\":\"https:\/\/www.mtexpo.com.br\/es\/2023\/05\/18\/la-operacion-con-plataformas-requiere-especial-atencion-a-la-seguridad\/#article\",\"isPartOf\":{\"@id\":\"https:\/\/www.mtexpo.com.br\/es\/2023\/05\/18\/la-operacion-con-plataformas-requiere-especial-atencion-a-la-seguridad\/\"},\"author\":{\"name\":\"Yasmin Ribeiro\",\"@id\":\"https:\/\/www.mtexpo.com.br\/es\/#\/schema\/person\/335d1f123b404f4eeee3c77d3eff4bfd\"},\"headline\":\"La operaci\u00f3n con plataformas requiere especial atenci\u00f3n a la seguridad\",\"datePublished\":\"2023-05-18T20:08:19+00:00\",\"dateModified\":\"2023-05-23T20:14:54+00:00\",\"mainEntityOfPage\":{\"@id\":\"https:\/\/www.mtexpo.com.br\/es\/2023\/05\/18\/la-operacion-con-plataformas-requiere-especial-atencion-a-la-seguridad\/\"},\"wordCount\":792,\"commentCount\":0,\"publisher\":{\"@id\":\"https:\/\/www.mtexpo.com.br\/es\/#organization\"},\"articleSection\":[\"Elevaci\u00f3n de cargas y personas\"],\"inLanguage\":\"es-ES\",\"potentialAction\":[{\"@type\":\"CommentAction\",\"name\":\"Comment\",\"target\":[\"https:\/\/www.mtexpo.com.br\/es\/2023\/05\/18\/la-operacion-con-plataformas-requiere-especial-atencion-a-la-seguridad\/#respond\"]}]},{\"@type\":\"WebPage\",\"@id\":\"https:\/\/www.mtexpo.com.br\/es\/2023\/05\/18\/la-operacion-con-plataformas-requiere-especial-atencion-a-la-seguridad\/\",\"url\":\"https:\/\/www.mtexpo.com.br\/es\/2023\/05\/18\/la-operacion-con-plataformas-requiere-especial-atencion-a-la-seguridad\/\",\"name\":\"La operaci\u00f3n con plataformas requiere especial atenci\u00f3n a la seguridad | M&T Expo\",\"isPartOf\":{\"@id\":\"https:\/\/www.mtexpo.com.br\/es\/#website\"},\"datePublished\":\"2023-05-18T20:08:19+00:00\",\"dateModified\":\"2023-05-23T20:14:54+00:00\",\"description\":\"Las ventas de plataformas a\u00e9reas de trabajo aumentaron un 94% en Brasil, generando la necesidad de mano de obra m\u00e1s calificada\",\"breadcrumb\":{\"@id\":\"https:\/\/www.mtexpo.com.br\/es\/2023\/05\/18\/la-operacion-con-plataformas-requiere-especial-atencion-a-la-seguridad\/#breadcrumb\"},\"inLanguage\":\"es-ES\",\"potentialAction\":[{\"@type\":\"ReadAction\",\"target\":[\"https:\/\/www.mtexpo.com.br\/es\/2023\/05\/18\/la-operacion-con-plataformas-requiere-especial-atencion-a-la-seguridad\/\"]}]},{\"@type\":\"BreadcrumbList\",\"@id\":\"https:\/\/www.mtexpo.com.br\/es\/2023\/05\/18\/la-operacion-con-plataformas-requiere-especial-atencion-a-la-seguridad\/#breadcrumb\",\"itemListElement\":[{\"@type\":\"ListItem\",\"position\":1,\"name\":\"In\u00edcio\",\"item\":\"https:\/\/www.mtexpo.com.br\/es\/\"},{\"@type\":\"ListItem\",\"position\":2,\"name\":\"La operaci\u00f3n con plataformas requiere especial atenci\u00f3n a la seguridad\"}]},{\"@type\":\"WebSite\",\"@id\":\"https:\/\/www.mtexpo.com.br\/es\/#website\",\"url\":\"https:\/\/www.mtexpo.com.br\/es\/\",\"name\":\"M&T Expo\",\"description\":\"Part of bauma NETWORK\",\"publisher\":{\"@id\":\"https:\/\/www.mtexpo.com.br\/es\/#organization\"},\"alternateName\":\"M&T Expo\",\"potentialAction\":[{\"@type\":\"SearchAction\",\"target\":{\"@type\":\"EntryPoint\",\"urlTemplate\":\"https:\/\/www.mtexpo.com.br\/es\/?s={search_term_string}\"},\"query-input\":\"required name=search_term_string\"}],\"inLanguage\":\"es-ES\"},{\"@type\":\"Organization\",\"@id\":\"https:\/\/www.mtexpo.com.br\/es\/#organization\",\"name\":\"M&T Expo\",\"alternateName\":\"M&T Expo\",\"url\":\"https:\/\/www.mtexpo.com.br\/es\/\",\"logo\":{\"@type\":\"ImageObject\",\"inLanguage\":\"es-ES\",\"@id\":\"https:\/\/www.mtexpo.com.br\/es\/#\/schema\/logo\/image\/\",\"url\":\"https:\/\/www.mtexpo.com.br\/es\/wp-content\/uploads\/sites\/3\/2022\/12\/logo-MT-expo.svg\",\"contentUrl\":\"https:\/\/www.mtexpo.com.br\/es\/wp-content\/uploads\/sites\/3\/2022\/12\/logo-MT-expo.svg\",\"width\":350,\"height\":70,\"caption\":\"M&T Expo\"},\"image\":{\"@id\":\"https:\/\/www.mtexpo.com.br\/es\/#\/schema\/logo\/image\/\"},\"sameAs\":[\"https:\/\/www.facebook.com\/feiramtexpo\/\",\"https:\/\/www.youtube.com\/c\/mtexpofeira\",\"https:\/\/www.instagram.com\/feiramtexpo\/\"]},{\"@type\":\"Person\",\"@id\":\"https:\/\/www.mtexpo.com.br\/es\/#\/schema\/person\/335d1f123b404f4eeee3c77d3eff4bfd\",\"name\":\"Yasmin Ribeiro\",\"image\":{\"@type\":\"ImageObject\",\"inLanguage\":\"es-ES\",\"@id\":\"https:\/\/www.mtexpo.com.br\/es\/#\/schema\/person\/image\/\",\"url\":\"https:\/\/secure.gravatar.com\/avatar\/bf734aef4167ed7e812cf407c1f725c9?s=96&d=mm&r=g\",\"contentUrl\":\"https:\/\/secure.gravatar.com\/avatar\/bf734aef4167ed7e812cf407c1f725c9?s=96&d=mm&r=g\",\"caption\":\"Yasmin Ribeiro\"},\"url\":\"https:\/\/www.mtexpo.com.br\/es\/author\/thiagobento\/\"}]}<\/script>\n<!-- \/ Yoast SEO plugin. -->","yoast_head_json":{"title":"La operaci\u00f3n con plataformas requiere especial atenci\u00f3n a la seguridad | M&T Expo","description":"Las ventas de plataformas a\u00e9reas de trabajo aumentaron un 94% en Brasil, generando la necesidad de mano de obra m\u00e1s calificada","robots":{"index":"index","follow":"follow","max-snippet":"max-snippet:-1","max-image-preview":"max-image-preview:large","max-video-preview":"max-video-preview:-1"},"canonical":"https:\/\/www.mtexpo.com.br\/es\/2023\/05\/18\/la-operacion-con-plataformas-requiere-especial-atencion-a-la-seguridad\/","og_locale":"es_ES","og_type":"article","og_title":"La operaci\u00f3n con plataformas requiere especial atenci\u00f3n a la seguridad | M&T Expo","og_description":"Las ventas de plataformas a\u00e9reas de trabajo aumentaron un 94% en Brasil, generando la necesidad de mano de obra m\u00e1s calificada","og_url":"https:\/\/www.mtexpo.com.br\/es\/2023\/05\/18\/la-operacion-con-plataformas-requiere-especial-atencion-a-la-seguridad\/","og_site_name":"M&amp;T Expo - ES","article_publisher":"https:\/\/www.facebook.com\/feiramtexpo\/","article_published_time":"2023-05-18T20:08:19+00:00","article_modified_time":"2023-05-23T20:14:54+00:00","og_image":[{"width":2560,"height":1082,"url":"https:\/\/www.mtexpo.com.br\/es\/wp-content\/uploads\/sites\/3\/2023\/05\/ainda-menor-canteiro-de-obras-do-novo-edificio-comercial-construcao-em-estrutura-de-aco-scaled.jpg","type":"image\/jpeg"}],"author":"Yasmin Ribeiro","twitter_card":"summary_large_image","twitter_misc":{"Written by":"Yasmin Ribeiro","Est. reading time":"5 minutes"},"schema":{"@context":"https:\/\/schema.org","@graph":[{"@type":"Article","@id":"https:\/\/www.mtexpo.com.br\/es\/2023\/05\/18\/la-operacion-con-plataformas-requiere-especial-atencion-a-la-seguridad\/#article","isPartOf":{"@id":"https:\/\/www.mtexpo.com.br\/es\/2023\/05\/18\/la-operacion-con-plataformas-requiere-especial-atencion-a-la-seguridad\/"},"author":{"name":"Yasmin Ribeiro","@id":"https:\/\/www.mtexpo.com.br\/es\/#\/schema\/person\/335d1f123b404f4eeee3c77d3eff4bfd"},"headline":"La operaci\u00f3n con plataformas requiere especial atenci\u00f3n a la seguridad","datePublished":"2023-05-18T20:08:19+00:00","dateModified":"2023-05-23T20:14:54+00:00","mainEntityOfPage":{"@id":"https:\/\/www.mtexpo.com.br\/es\/2023\/05\/18\/la-operacion-con-plataformas-requiere-especial-atencion-a-la-seguridad\/"},"wordCount":792,"commentCount":0,"publisher":{"@id":"https:\/\/www.mtexpo.com.br\/es\/#organization"},"articleSection":["Elevaci\u00f3n de cargas y personas"],"inLanguage":"es-ES","potentialAction":[{"@type":"CommentAction","name":"Comment","target":["https:\/\/www.mtexpo.com.br\/es\/2023\/05\/18\/la-operacion-con-plataformas-requiere-especial-atencion-a-la-seguridad\/#respond"]}]},{"@type":"WebPage","@id":"https:\/\/www.mtexpo.com.br\/es\/2023\/05\/18\/la-operacion-con-plataformas-requiere-especial-atencion-a-la-seguridad\/","url":"https:\/\/www.mtexpo.com.br\/es\/2023\/05\/18\/la-operacion-con-plataformas-requiere-especial-atencion-a-la-seguridad\/","name":"La operaci\u00f3n con plataformas requiere especial atenci\u00f3n a la seguridad | M&T Expo","isPartOf":{"@id":"https:\/\/www.mtexpo.com.br\/es\/#website"},"datePublished":"2023-05-18T20:08:19+00:00","dateModified":"2023-05-23T20:14:54+00:00","description":"Las ventas de plataformas a\u00e9reas de trabajo aumentaron un 94% en Brasil, generando la necesidad de mano de obra m\u00e1s calificada","breadcrumb":{"@id":"https:\/\/www.mtexpo.com.br\/es\/2023\/05\/18\/la-operacion-con-plataformas-requiere-especial-atencion-a-la-seguridad\/#breadcrumb"},"inLanguage":"es-ES","potentialAction":[{"@type":"ReadAction","target":["https:\/\/www.mtexpo.com.br\/es\/2023\/05\/18\/la-operacion-con-plataformas-requiere-especial-atencion-a-la-seguridad\/"]}]},{"@type":"BreadcrumbList","@id":"https:\/\/www.mtexpo.com.br\/es\/2023\/05\/18\/la-operacion-con-plataformas-requiere-especial-atencion-a-la-seguridad\/#breadcrumb","itemListElement":[{"@type":"ListItem","position":1,"name":"In\u00edcio","item":"https:\/\/www.mtexpo.com.br\/es\/"},{"@type":"ListItem","position":2,"name":"La operaci\u00f3n con plataformas requiere especial atenci\u00f3n a la seguridad"}]},{"@type":"WebSite","@id":"https:\/\/www.mtexpo.com.br\/es\/#website","url":"https:\/\/www.mtexpo.com.br\/es\/","name":"M&T Expo","description":"Part of bauma NETWORK","publisher":{"@id":"https:\/\/www.mtexpo.com.br\/es\/#organization"},"alternateName":"M&T Expo","potentialAction":[{"@type":"SearchAction","target":{"@type":"EntryPoint","urlTemplate":"https:\/\/www.mtexpo.com.br\/es\/?s={search_term_string}"},"query-input":"required name=search_term_string"}],"inLanguage":"es-ES"},{"@type":"Organization","@id":"https:\/\/www.mtexpo.com.br\/es\/#organization","name":"M&T Expo","alternateName":"M&T Expo","url":"https:\/\/www.mtexpo.com.br\/es\/","logo":{"@type":"ImageObject","inLanguage":"es-ES","@id":"https:\/\/www.mtexpo.com.br\/es\/#\/schema\/logo\/image\/","url":"https:\/\/www.mtexpo.com.br\/es\/wp-content\/uploads\/sites\/3\/2022\/12\/logo-MT-expo.svg","contentUrl":"https:\/\/www.mtexpo.com.br\/es\/wp-content\/uploads\/sites\/3\/2022\/12\/logo-MT-expo.svg","width":350,"height":70,"caption":"M&T Expo"},"image":{"@id":"https:\/\/www.mtexpo.com.br\/es\/#\/schema\/logo\/image\/"},"sameAs":["https:\/\/www.facebook.com\/feiramtexpo\/","https:\/\/www.youtube.com\/c\/mtexpofeira","https:\/\/www.instagram.com\/feiramtexpo\/"]},{"@type":"Person","@id":"https:\/\/www.mtexpo.com.br\/es\/#\/schema\/person\/335d1f123b404f4eeee3c77d3eff4bfd","name":"Yasmin Ribeiro","image":{"@type":"ImageObject","inLanguage":"es-ES","@id":"https:\/\/www.mtexpo.com.br\/es\/#\/schema\/person\/image\/","url":"https:\/\/secure.gravatar.com\/avatar\/bf734aef4167ed7e812cf407c1f725c9?s=96&d=mm&r=g","contentUrl":"https:\/\/secure.gravatar.com\/avatar\/bf734aef4167ed7e812cf407c1f725c9?s=96&d=mm&r=g","caption":"Yasmin Ribeiro"},"url":"https:\/\/www.mtexpo.com.br\/es\/author\/thiagobento\/"}]}},"_links":{"self":[{"href":"https:\/\/www.mtexpo.com.br\/es\/wp-json\/wp\/v2\/posts\/852"}],"collection":[{"href":"https:\/\/www.mtexpo.com.br\/es\/wp-json\/wp\/v2\/posts"}],"about":[{"href":"https:\/\/www.mtexpo.com.br\/es\/wp-json\/wp\/v2\/types\/post"}],"author":[{"embeddable":true,"href":"https:\/\/www.mtexpo.com.br\/es\/wp-json\/wp\/v2\/users\/7"}],"replies":[{"embeddable":true,"href":"https:\/\/www.mtexpo.com.br\/es\/wp-json\/wp\/v2\/comments?post=852"}],"version-history":[{"count":2,"href":"https:\/\/www.mtexpo.com.br\/es\/wp-json\/wp\/v2\/posts\/852\/revisions"}],"predecessor-version":[{"id":870,"href":"https:\/\/www.mtexpo.com.br\/es\/wp-json\/wp\/v2\/posts\/852\/revisions\/870"}],"wp:featuredmedia":[{"embeddable":true,"href":"https:\/\/www.mtexpo.com.br\/es\/wp-json\/wp\/v2\/media\/854"}],"wp:attachment":[{"href":"https:\/\/www.mtexpo.com.br\/es\/wp-json\/wp\/v2\/media?parent=852"}],"wp:term":[{"taxonomy":"category","embeddable":true,"href":"https:\/\/www.mtexpo.com.br\/es\/wp-json\/wp\/v2\/categories?post=852"},{"taxonomy":"post_tag","embeddable":true,"href":"https:\/\/www.mtexpo.com.br\/es\/wp-json\/wp\/v2\/tags?post=852"}],"curies":[{"name":"wp","href":"https:\/\/api.w.org\/{rel}","templated":true}]}}