{"id":979,"date":"2023-07-18T11:42:02","date_gmt":"2023-07-18T14:42:02","guid":{"rendered":"https:\/\/www.mtexpo.com.br\/es\/?p=979"},"modified":"2023-08-23T17:06:28","modified_gmt":"2023-08-23T20:06:28","slug":"las-ventas-mundiales-de-maquinaria-creceran-un-11-este-ano-segun-un-estudio","status":"publish","type":"post","link":"https:\/\/www.mtexpo.com.br\/es\/2023\/07\/18\/las-ventas-mundiales-de-maquinaria-creceran-un-11-este-ano-segun-un-estudio\/","title":{"rendered":"<strong>Las ventas mundiales de maquinaria crecer\u00e1n un 11% este a\u00f1o, seg\u00fan un estudio<\/strong>"},"content":{"rendered":"\n<p>Seg\u00fan un informe de ResearchAndMarkets.com, se prev\u00e9 que las ventas alcancen los 194.840 millones de d\u00f3lares en 2023.<\/p>\n\n\n\n<p>Se prev\u00e9 que las ventas mundiales de maquinaria de construcci\u00f3n y carreteras crezcan un 11% en 2023, pasando de 175.540 millones de d\u00f3lares en 2022 a 194.840 millones en 2023. Los datos proceden del informe del Mercado Mundial de Equipos de Construcci\u00f3n Civil y Carretera 2023, elaborado por ResearchAndMarkets.com. Seg\u00fan la encuesta publicada sobre el mercado inmobiliario, se espera que este mercado alcance los 282.410 millones de d\u00f3lares en 2027, con una tasa de crecimiento anual compuesto del 9,7%.<\/p>\n\n\n\n<p>La mayor regi\u00f3n consumidora de este mercado el a\u00f1o pasado fue Asia-Pac\u00edfico, con Europa Occidental en segundo lugar en el informe, que tambi\u00e9n cuenta con Europa del Este, Norteam\u00e9rica, Sudam\u00e9rica, Oriente Medio y \u00c1frica. El desarrollo de infraestructuras en pa\u00edses emergentes y desarrollados ha impulsado el mercado de equipos. Como resultado, tanto los gobiernos como el sector privado se est\u00e1n centrando en el desarrollo de infraestructuras para mantener el PIB, satisfacer las crecientes necesidades de la poblaci\u00f3n, los niveles de urbanizaci\u00f3n y aumentar la conectividad mediante el desarrollo de carreteras y autopistas.<\/p>\n\n\n\n<p>Para hacernos una idea, la inversi\u00f3n total en construcci\u00f3n de carreteras en India fue de 22.400 millones de d\u00f3lares y la inversi\u00f3n privada represent\u00f3 el 14% de este total. Adem\u00e1s, seg\u00fan el Banco Mundial, los compromisos de inversi\u00f3n en infraestructuras del sector privado para los pa\u00edses de renta baja y media se valoraron en 76.200 millones de d\u00f3lares en 2021, lo que representa un aumento del 49% con respecto a 2020 a nivel mundial.<\/p>\n\n\n\n<p>Centrados en el desarrollo de infraestructuras, los pa\u00edses requieren equipos de alta tecnolog\u00eda para que el proceso de construcci\u00f3n sea f\u00e1cil y lleve menos tiempo. Sin embargo, se espera que los altos costes de los equipos obstaculicen este mercado, seg\u00fan el informe &#8211; incluyendo el precio de compra, el impuesto sobre las ventas, el coste de env\u00edo, el coste de instalaci\u00f3n y los gastos de financiaci\u00f3n en el momento de la compra.<\/p>\n\n\n\n<p>El documento tambi\u00e9n muestra que las empresas fabricantes de equipos se est\u00e1n centrando en las actualizaciones tecnol\u00f3gicas, con avances destinados a aumentar la seguridad, productividad y conectividad de las m\u00e1quinas y reducir los problemas y costes de mantenimiento.<\/p>\n\n\n\n<p>Por: Santelmo Camilo<\/p>\n","protected":false},"excerpt":{"rendered":"<p>Se prev\u00e9 que las ventas mundiales de maquinaria de construcci\u00f3n y carreteras crezcan un 11% en 2023, pasando de 175.540 millones de&#8230;<\/p>\n","protected":false},"author":10,"featured_media":980,"comment_status":"open","ping_status":"open","sticky":false,"template":"","format":"standard","meta":[],"categories":[11],"tags":[],"acf":[],"yoast_head":"<!-- This site is optimized with the Yoast SEO plugin v20.8 - https:\/\/yoast.com\/wordpress\/plugins\/seo\/ -->\n<title>Las ventas mundiales de maquinaria crecer\u00e1n un 11% este a\u00f1o, seg\u00fan un estudio | M&amp;T Expo<\/title>\n<meta name=\"description\" content=\"Se prev\u00e9 que las ventas mundiales de maquinaria de construcci\u00f3n y carreteras crezcan un 11% en 2023, pasando de 175.540 millones de...\" \/>\n<meta name=\"robots\" content=\"index, follow, max-snippet:-1, max-image-preview:large, max-video-preview:-1\" \/>\n<link rel=\"canonical\" href=\"https:\/\/www.mtexpo.com.br\/es\/2023\/07\/18\/las-ventas-mundiales-de-maquinaria-creceran-un-11-este-ano-segun-un-estudio\/\" \/>\n<meta property=\"og:locale\" content=\"es_ES\" \/>\n<meta property=\"og:type\" content=\"article\" \/>\n<meta property=\"og:title\" content=\"Las ventas mundiales de maquinaria crecer\u00e1n un 11% este a\u00f1o, seg\u00fan un estudio | M&amp;T Expo\" \/>\n<meta property=\"og:description\" content=\"Se prev\u00e9 que las ventas mundiales de maquinaria de construcci\u00f3n y carreteras crezcan un 11% en 2023, pasando de 175.540 millones de...\" \/>\n<meta property=\"og:url\" content=\"https:\/\/www.mtexpo.com.br\/es\/2023\/07\/18\/las-ventas-mundiales-de-maquinaria-creceran-un-11-este-ano-segun-un-estudio\/\" \/>\n<meta property=\"og:site_name\" content=\"M&amp;T Expo - ES\" \/>\n<meta property=\"article:publisher\" content=\"https:\/\/www.facebook.com\/feiramtexpo\/\" \/>\n<meta property=\"article:published_time\" content=\"2023-07-18T14:42:02+00:00\" \/>\n<meta property=\"article:modified_time\" content=\"2023-08-23T20:06:28+00:00\" \/>\n<meta property=\"og:image\" content=\"https:\/\/www.mtexpo.com.br\/es\/wp-content\/uploads\/sites\/3\/2023\/07\/close-up-de-uma-escavadeira-de-obra-2-scaled.jpg\" \/>\n\t<meta property=\"og:image:width\" content=\"2560\" \/>\n\t<meta property=\"og:image:height\" content=\"1280\" \/>\n\t<meta property=\"og:image:type\" content=\"image\/jpeg\" \/>\n<meta name=\"author\" content=\"wallacebruno\" \/>\n<meta name=\"twitter:card\" content=\"summary_large_image\" \/>\n<meta name=\"twitter:label1\" content=\"Written by\" \/>\n\t<meta name=\"twitter:data1\" content=\"wallacebruno\" \/>\n\t<meta name=\"twitter:label2\" content=\"Est. reading time\" \/>\n\t<meta name=\"twitter:data2\" content=\"2 minutes\" \/>\n<script type=\"application\/ld+json\" class=\"yoast-schema-graph\">{\"@context\":\"https:\/\/schema.org\",\"@graph\":[{\"@type\":\"Article\",\"@id\":\"https:\/\/www.mtexpo.com.br\/es\/2023\/07\/18\/las-ventas-mundiales-de-maquinaria-creceran-un-11-este-ano-segun-un-estudio\/#article\",\"isPartOf\":{\"@id\":\"https:\/\/www.mtexpo.com.br\/es\/2023\/07\/18\/las-ventas-mundiales-de-maquinaria-creceran-un-11-este-ano-segun-un-estudio\/\"},\"author\":{\"name\":\"wallacebruno\",\"@id\":\"https:\/\/www.mtexpo.com.br\/es\/#\/schema\/person\/fcebfd57a4ed565185e7a10de9edafda\"},\"headline\":\"Las ventas mundiales de maquinaria crecer\u00e1n un 11% este a\u00f1o, seg\u00fan un estudio\",\"datePublished\":\"2023-07-18T14:42:02+00:00\",\"dateModified\":\"2023-08-23T20:06:28+00:00\",\"mainEntityOfPage\":{\"@id\":\"https:\/\/www.mtexpo.com.br\/es\/2023\/07\/18\/las-ventas-mundiales-de-maquinaria-creceran-un-11-este-ano-segun-un-estudio\/\"},\"wordCount\":413,\"commentCount\":0,\"publisher\":{\"@id\":\"https:\/\/www.mtexpo.com.br\/es\/#organization\"},\"articleSection\":[\"Equipaje para construci\u00f3n y miner\u00eda\"],\"inLanguage\":\"es-ES\",\"potentialAction\":[{\"@type\":\"CommentAction\",\"name\":\"Comment\",\"target\":[\"https:\/\/www.mtexpo.com.br\/es\/2023\/07\/18\/las-ventas-mundiales-de-maquinaria-creceran-un-11-este-ano-segun-un-estudio\/#respond\"]}]},{\"@type\":\"WebPage\",\"@id\":\"https:\/\/www.mtexpo.com.br\/es\/2023\/07\/18\/las-ventas-mundiales-de-maquinaria-creceran-un-11-este-ano-segun-un-estudio\/\",\"url\":\"https:\/\/www.mtexpo.com.br\/es\/2023\/07\/18\/las-ventas-mundiales-de-maquinaria-creceran-un-11-este-ano-segun-un-estudio\/\",\"name\":\"Las ventas mundiales de maquinaria crecer\u00e1n un 11% este a\u00f1o, seg\u00fan un estudio | M&T Expo\",\"isPartOf\":{\"@id\":\"https:\/\/www.mtexpo.com.br\/es\/#website\"},\"datePublished\":\"2023-07-18T14:42:02+00:00\",\"dateModified\":\"2023-08-23T20:06:28+00:00\",\"description\":\"Se prev\u00e9 que las ventas mundiales de maquinaria de construcci\u00f3n y carreteras crezcan un 11% en 2023, pasando de 175.540 millones de...\",\"breadcrumb\":{\"@id\":\"https:\/\/www.mtexpo.com.br\/es\/2023\/07\/18\/las-ventas-mundiales-de-maquinaria-creceran-un-11-este-ano-segun-un-estudio\/#breadcrumb\"},\"inLanguage\":\"es-ES\",\"potentialAction\":[{\"@type\":\"ReadAction\",\"target\":[\"https:\/\/www.mtexpo.com.br\/es\/2023\/07\/18\/las-ventas-mundiales-de-maquinaria-creceran-un-11-este-ano-segun-un-estudio\/\"]}]},{\"@type\":\"BreadcrumbList\",\"@id\":\"https:\/\/www.mtexpo.com.br\/es\/2023\/07\/18\/las-ventas-mundiales-de-maquinaria-creceran-un-11-este-ano-segun-un-estudio\/#breadcrumb\",\"itemListElement\":[{\"@type\":\"ListItem\",\"position\":1,\"name\":\"In\u00edcio\",\"item\":\"https:\/\/www.mtexpo.com.br\/es\/\"},{\"@type\":\"ListItem\",\"position\":2,\"name\":\"Las ventas mundiales de maquinaria crecer\u00e1n un 11% este a\u00f1o, seg\u00fan un estudio\"}]},{\"@type\":\"WebSite\",\"@id\":\"https:\/\/www.mtexpo.com.br\/es\/#website\",\"url\":\"https:\/\/www.mtexpo.com.br\/es\/\",\"name\":\"M&T Expo\",\"description\":\"Part of bauma NETWORK\",\"publisher\":{\"@id\":\"https:\/\/www.mtexpo.com.br\/es\/#organization\"},\"alternateName\":\"M&T Expo\",\"potentialAction\":[{\"@type\":\"SearchAction\",\"target\":{\"@type\":\"EntryPoint\",\"urlTemplate\":\"https:\/\/www.mtexpo.com.br\/es\/?s={search_term_string}\"},\"query-input\":\"required name=search_term_string\"}],\"inLanguage\":\"es-ES\"},{\"@type\":\"Organization\",\"@id\":\"https:\/\/www.mtexpo.com.br\/es\/#organization\",\"name\":\"M&T Expo\",\"alternateName\":\"M&T Expo\",\"url\":\"https:\/\/www.mtexpo.com.br\/es\/\",\"logo\":{\"@type\":\"ImageObject\",\"inLanguage\":\"es-ES\",\"@id\":\"https:\/\/www.mtexpo.com.br\/es\/#\/schema\/logo\/image\/\",\"url\":\"https:\/\/www.mtexpo.com.br\/es\/wp-content\/uploads\/sites\/3\/2022\/12\/logo-MT-expo.svg\",\"contentUrl\":\"https:\/\/www.mtexpo.com.br\/es\/wp-content\/uploads\/sites\/3\/2022\/12\/logo-MT-expo.svg\",\"width\":350,\"height\":70,\"caption\":\"M&T Expo\"},\"image\":{\"@id\":\"https:\/\/www.mtexpo.com.br\/es\/#\/schema\/logo\/image\/\"},\"sameAs\":[\"https:\/\/www.facebook.com\/feiramtexpo\/\",\"https:\/\/www.youtube.com\/c\/mtexpofeira\",\"https:\/\/www.instagram.com\/feiramtexpo\/\"]},{\"@type\":\"Person\",\"@id\":\"https:\/\/www.mtexpo.com.br\/es\/#\/schema\/person\/fcebfd57a4ed565185e7a10de9edafda\",\"name\":\"wallacebruno\",\"image\":{\"@type\":\"ImageObject\",\"inLanguage\":\"es-ES\",\"@id\":\"https:\/\/www.mtexpo.com.br\/es\/#\/schema\/person\/image\/\",\"url\":\"https:\/\/secure.gravatar.com\/avatar\/38ff1c9a1b8b21c97a755a11b05186e8?s=96&d=mm&r=g\",\"contentUrl\":\"https:\/\/secure.gravatar.com\/avatar\/38ff1c9a1b8b21c97a755a11b05186e8?s=96&d=mm&r=g\",\"caption\":\"wallacebruno\"},\"url\":\"https:\/\/www.mtexpo.com.br\/es\/author\/wallacebruno\/\"}]}<\/script>\n<!-- \/ Yoast SEO plugin. -->","yoast_head_json":{"title":"Las ventas mundiales de maquinaria crecer\u00e1n un 11% este a\u00f1o, seg\u00fan un estudio | M&T Expo","description":"Se prev\u00e9 que las ventas mundiales de maquinaria de construcci\u00f3n y carreteras crezcan un 11% en 2023, pasando de 175.540 millones de...","robots":{"index":"index","follow":"follow","max-snippet":"max-snippet:-1","max-image-preview":"max-image-preview:large","max-video-preview":"max-video-preview:-1"},"canonical":"https:\/\/www.mtexpo.com.br\/es\/2023\/07\/18\/las-ventas-mundiales-de-maquinaria-creceran-un-11-este-ano-segun-un-estudio\/","og_locale":"es_ES","og_type":"article","og_title":"Las ventas mundiales de maquinaria crecer\u00e1n un 11% este a\u00f1o, seg\u00fan un estudio | M&T Expo","og_description":"Se prev\u00e9 que las ventas mundiales de maquinaria de construcci\u00f3n y carreteras crezcan un 11% en 2023, pasando de 175.540 millones de...","og_url":"https:\/\/www.mtexpo.com.br\/es\/2023\/07\/18\/las-ventas-mundiales-de-maquinaria-creceran-un-11-este-ano-segun-un-estudio\/","og_site_name":"M&amp;T Expo - ES","article_publisher":"https:\/\/www.facebook.com\/feiramtexpo\/","article_published_time":"2023-07-18T14:42:02+00:00","article_modified_time":"2023-08-23T20:06:28+00:00","og_image":[{"width":2560,"height":1280,"url":"https:\/\/www.mtexpo.com.br\/es\/wp-content\/uploads\/sites\/3\/2023\/07\/close-up-de-uma-escavadeira-de-obra-2-scaled.jpg","type":"image\/jpeg"}],"author":"wallacebruno","twitter_card":"summary_large_image","twitter_misc":{"Written by":"wallacebruno","Est. reading time":"2 minutes"},"schema":{"@context":"https:\/\/schema.org","@graph":[{"@type":"Article","@id":"https:\/\/www.mtexpo.com.br\/es\/2023\/07\/18\/las-ventas-mundiales-de-maquinaria-creceran-un-11-este-ano-segun-un-estudio\/#article","isPartOf":{"@id":"https:\/\/www.mtexpo.com.br\/es\/2023\/07\/18\/las-ventas-mundiales-de-maquinaria-creceran-un-11-este-ano-segun-un-estudio\/"},"author":{"name":"wallacebruno","@id":"https:\/\/www.mtexpo.com.br\/es\/#\/schema\/person\/fcebfd57a4ed565185e7a10de9edafda"},"headline":"Las ventas mundiales de maquinaria crecer\u00e1n un 11% este a\u00f1o, seg\u00fan un estudio","datePublished":"2023-07-18T14:42:02+00:00","dateModified":"2023-08-23T20:06:28+00:00","mainEntityOfPage":{"@id":"https:\/\/www.mtexpo.com.br\/es\/2023\/07\/18\/las-ventas-mundiales-de-maquinaria-creceran-un-11-este-ano-segun-un-estudio\/"},"wordCount":413,"commentCount":0,"publisher":{"@id":"https:\/\/www.mtexpo.com.br\/es\/#organization"},"articleSection":["Equipaje para construci\u00f3n y miner\u00eda"],"inLanguage":"es-ES","potentialAction":[{"@type":"CommentAction","name":"Comment","target":["https:\/\/www.mtexpo.com.br\/es\/2023\/07\/18\/las-ventas-mundiales-de-maquinaria-creceran-un-11-este-ano-segun-un-estudio\/#respond"]}]},{"@type":"WebPage","@id":"https:\/\/www.mtexpo.com.br\/es\/2023\/07\/18\/las-ventas-mundiales-de-maquinaria-creceran-un-11-este-ano-segun-un-estudio\/","url":"https:\/\/www.mtexpo.com.br\/es\/2023\/07\/18\/las-ventas-mundiales-de-maquinaria-creceran-un-11-este-ano-segun-un-estudio\/","name":"Las ventas mundiales de maquinaria crecer\u00e1n un 11% este a\u00f1o, seg\u00fan un estudio | M&T Expo","isPartOf":{"@id":"https:\/\/www.mtexpo.com.br\/es\/#website"},"datePublished":"2023-07-18T14:42:02+00:00","dateModified":"2023-08-23T20:06:28+00:00","description":"Se prev\u00e9 que las ventas mundiales de maquinaria de construcci\u00f3n y carreteras crezcan un 11% en 2023, pasando de 175.540 millones de...","breadcrumb":{"@id":"https:\/\/www.mtexpo.com.br\/es\/2023\/07\/18\/las-ventas-mundiales-de-maquinaria-creceran-un-11-este-ano-segun-un-estudio\/#breadcrumb"},"inLanguage":"es-ES","potentialAction":[{"@type":"ReadAction","target":["https:\/\/www.mtexpo.com.br\/es\/2023\/07\/18\/las-ventas-mundiales-de-maquinaria-creceran-un-11-este-ano-segun-un-estudio\/"]}]},{"@type":"BreadcrumbList","@id":"https:\/\/www.mtexpo.com.br\/es\/2023\/07\/18\/las-ventas-mundiales-de-maquinaria-creceran-un-11-este-ano-segun-un-estudio\/#breadcrumb","itemListElement":[{"@type":"ListItem","position":1,"name":"In\u00edcio","item":"https:\/\/www.mtexpo.com.br\/es\/"},{"@type":"ListItem","position":2,"name":"Las ventas mundiales de maquinaria crecer\u00e1n un 11% este a\u00f1o, seg\u00fan un estudio"}]},{"@type":"WebSite","@id":"https:\/\/www.mtexpo.com.br\/es\/#website","url":"https:\/\/www.mtexpo.com.br\/es\/","name":"M&T Expo","description":"Part of bauma NETWORK","publisher":{"@id":"https:\/\/www.mtexpo.com.br\/es\/#organization"},"alternateName":"M&T Expo","potentialAction":[{"@type":"SearchAction","target":{"@type":"EntryPoint","urlTemplate":"https:\/\/www.mtexpo.com.br\/es\/?s={search_term_string}"},"query-input":"required name=search_term_string"}],"inLanguage":"es-ES"},{"@type":"Organization","@id":"https:\/\/www.mtexpo.com.br\/es\/#organization","name":"M&T Expo","alternateName":"M&T Expo","url":"https:\/\/www.mtexpo.com.br\/es\/","logo":{"@type":"ImageObject","inLanguage":"es-ES","@id":"https:\/\/www.mtexpo.com.br\/es\/#\/schema\/logo\/image\/","url":"https:\/\/www.mtexpo.com.br\/es\/wp-content\/uploads\/sites\/3\/2022\/12\/logo-MT-expo.svg","contentUrl":"https:\/\/www.mtexpo.com.br\/es\/wp-content\/uploads\/sites\/3\/2022\/12\/logo-MT-expo.svg","width":350,"height":70,"caption":"M&T Expo"},"image":{"@id":"https:\/\/www.mtexpo.com.br\/es\/#\/schema\/logo\/image\/"},"sameAs":["https:\/\/www.facebook.com\/feiramtexpo\/","https:\/\/www.youtube.com\/c\/mtexpofeira","https:\/\/www.instagram.com\/feiramtexpo\/"]},{"@type":"Person","@id":"https:\/\/www.mtexpo.com.br\/es\/#\/schema\/person\/fcebfd57a4ed565185e7a10de9edafda","name":"wallacebruno","image":{"@type":"ImageObject","inLanguage":"es-ES","@id":"https:\/\/www.mtexpo.com.br\/es\/#\/schema\/person\/image\/","url":"https:\/\/secure.gravatar.com\/avatar\/38ff1c9a1b8b21c97a755a11b05186e8?s=96&d=mm&r=g","contentUrl":"https:\/\/secure.gravatar.com\/avatar\/38ff1c9a1b8b21c97a755a11b05186e8?s=96&d=mm&r=g","caption":"wallacebruno"},"url":"https:\/\/www.mtexpo.com.br\/es\/author\/wallacebruno\/"}]}},"_links":{"self":[{"href":"https:\/\/www.mtexpo.com.br\/es\/wp-json\/wp\/v2\/posts\/979"}],"collection":[{"href":"https:\/\/www.mtexpo.com.br\/es\/wp-json\/wp\/v2\/posts"}],"about":[{"href":"https:\/\/www.mtexpo.com.br\/es\/wp-json\/wp\/v2\/types\/post"}],"author":[{"embeddable":true,"href":"https:\/\/www.mtexpo.com.br\/es\/wp-json\/wp\/v2\/users\/10"}],"replies":[{"embeddable":true,"href":"https:\/\/www.mtexpo.com.br\/es\/wp-json\/wp\/v2\/comments?post=979"}],"version-history":[{"count":2,"href":"https:\/\/www.mtexpo.com.br\/es\/wp-json\/wp\/v2\/posts\/979\/revisions"}],"predecessor-version":[{"id":982,"href":"https:\/\/www.mtexpo.com.br\/es\/wp-json\/wp\/v2\/posts\/979\/revisions\/982"}],"wp:featuredmedia":[{"embeddable":true,"href":"https:\/\/www.mtexpo.com.br\/es\/wp-json\/wp\/v2\/media\/980"}],"wp:attachment":[{"href":"https:\/\/www.mtexpo.com.br\/es\/wp-json\/wp\/v2\/media?parent=979"}],"wp:term":[{"taxonomy":"category","embeddable":true,"href":"https:\/\/www.mtexpo.com.br\/es\/wp-json\/wp\/v2\/categories?post=979"},{"taxonomy":"post_tag","embeddable":true,"href":"https:\/\/www.mtexpo.com.br\/es\/wp-json\/wp\/v2\/tags?post=979"}],"curies":[{"name":"wp","href":"https:\/\/api.w.org\/{rel}","templated":true}]}}